{"id":1744,"date":"2018-12-31T18:21:18","date_gmt":"2018-12-31T16:21:18","guid":{"rendered":"http:\/\/www.mvenzenkirchen.at\/cms\/?p=1744"},"modified":"2018-12-31T18:30:18","modified_gmt":"2018-12-31T16:30:18","slug":"katharina-geroldinger-gewinnt-das-auswahlspiel-musica-iuventutisin-wien","status":"publish","type":"post","link":"http:\/\/www.mvenzenkirchen.at\/cms\/katharina-geroldinger-gewinnt-das-auswahlspiel-musica-iuventutisin-wien\/","title":{"rendered":"Katharina  Geroldinger gewinnt das Auswahlspiel &#8222;MUSICA IUVENTUTIS&#8220;in Wien"},"content":{"rendered":"<p>UNSERE\u00a0 FL\u00d6TISTIN KATHARINA\u00a0 KONNTE BEIM AUSWAHLSPIEL &#8222;MUSICA IUVENTUTIS&#8220; IN WIEN DIE JURY \u00dcBERZEUGEN UND DARF\u00a0 SOMIT IN DER N\u00c4CHSTEN KONZERTSAISON IHR SOLODEB\u00dcT IM KONZERTHAUS WIEN GEBEN.<\/p>\n<p>Beim Auswahlspiel von&#8220; MUSICA JUVENTUTIS&#8220; bewerben sich allj\u00e4hrlich viele Solisten und Ensembles aus ganz \u00d6sterreich. Eine hochkar\u00e4tige Jury w\u00e4hlt bei diesem die Besten der Bewerber aus, die sich dann bei einem Konzert im Konzerthaus Wien pr\u00e4sentieren d\u00fcrfen.<\/p>\n<p>Heuer konnte Katharina dieses Auswahlspiel gewinnen und wird am Montag, den 13. Oktober 2019 ein Solokonzert im Schubertsaal im Konzerthaus Wien spielen.<\/p>\n<p>Katharina besucht derzeit die Maturaklasse des Musikgymnasiums Linz und hat bereits mit 5 Jahren ihre Liebe zur Querfl\u00f6te entdeckt. Mit 13 Jahren wurde sie in die O\u00d6. Begabtenakademie und in die &#8222;Special Class&#8220; der Universit\u00e4t f\u00fcr Musik und darstellende Kunst Wien in Kooperation mit der Johann-Sebastian-Bach-Musikschule aufgenommen und hat bereits viele nationale und internationale Preise erspielt. Seit Herbst 2017 studiert sie bei Prof. Karl-Heinz Sch\u00fctz, dem Solofl\u00f6tisten der Wiener Philharmoniker, an der Musik- und Kunstuniversit\u00e4t Wien.<\/p>\n<p><img fetchpriority=\"high\" decoding=\"async\" class=\"alignnone wp-image-1746 size-large\" src=\"http:\/\/www.mvenzenkirchen.at\/cms\/wp-content\/uploads\/2018\/12\/Katharina-Geroldinger2-683x1024.jpg\" alt=\"\" width=\"683\" height=\"1024\" srcset=\"http:\/\/www.mvenzenkirchen.at\/cms\/wp-content\/uploads\/2018\/12\/Katharina-Geroldinger2-683x1024.jpg 683w, http:\/\/www.mvenzenkirchen.at\/cms\/wp-content\/uploads\/2018\/12\/Katharina-Geroldinger2-200x300.jpg 200w, http:\/\/www.mvenzenkirchen.at\/cms\/wp-content\/uploads\/2018\/12\/Katharina-Geroldinger2-768x1152.jpg 768w, http:\/\/www.mvenzenkirchen.at\/cms\/wp-content\/uploads\/2018\/12\/Katharina-Geroldinger2.jpg 1067w\" sizes=\"(max-width: 683px) 100vw, 683px\" \/><\/p>\n","protected":false},"excerpt":{"rendered":"<p>UNSERE\u00a0 FL\u00d6TISTIN KATHARINA\u00a0 KONNTE BEIM AUSWAHLSPIEL &#8222;MUSICA IUVENTUTIS&#8220; IN WIEN DIE JURY \u00dcBERZEUGEN [&hellip;]<\/p>\n","protected":false},"author":1,"featured_media":0,"comment_status":"closed","ping_status":"closed","sticky":false,"template":"","format":"standard","meta":{"footnotes":""},"categories":[1],"tags":[],"class_list":["post-1744","post","type-post","status-publish","format-standard","hentry","category-akutelles"],"_links":{"self":[{"href":"http:\/\/www.mvenzenkirchen.at\/cms\/wp-json\/wp\/v2\/posts\/1744","targetHints":{"allow":["GET"]}}],"collection":[{"href":"http:\/\/www.mvenzenkirchen.at\/cms\/wp-json\/wp\/v2\/posts"}],"about":[{"href":"http:\/\/www.mvenzenkirchen.at\/cms\/wp-json\/wp\/v2\/types\/post"}],"author":[{"embeddable":true,"href":"http:\/\/www.mvenzenkirchen.at\/cms\/wp-json\/wp\/v2\/users\/1"}],"replies":[{"embeddable":true,"href":"http:\/\/www.mvenzenkirchen.at\/cms\/wp-json\/wp\/v2\/comments?post=1744"}],"version-history":[{"count":3,"href":"http:\/\/www.mvenzenkirchen.at\/cms\/wp-json\/wp\/v2\/posts\/1744\/revisions"}],"predecessor-version":[{"id":1749,"href":"http:\/\/www.mvenzenkirchen.at\/cms\/wp-json\/wp\/v2\/posts\/1744\/revisions\/1749"}],"wp:attachment":[{"href":"http:\/\/www.mvenzenkirchen.at\/cms\/wp-json\/wp\/v2\/media?parent=1744"}],"wp:term":[{"taxonomy":"category","embeddable":true,"href":"http:\/\/www.mvenzenkirchen.at\/cms\/wp-json\/wp\/v2\/categories?post=1744"},{"taxonomy":"post_tag","embeddable":true,"href":"http:\/\/www.mvenzenkirchen.at\/cms\/wp-json\/wp\/v2\/tags?post=1744"}],"curies":[{"name":"wp","href":"https:\/\/api.w.org\/{rel}","templated":true}]}}