{"id":1926,"date":"2020-02-25T13:16:46","date_gmt":"2020-02-25T11:16:46","guid":{"rendered":"http:\/\/www.mvenzenkirchen.at\/cms\/?p=1926"},"modified":"2020-02-25T13:16:46","modified_gmt":"2020-02-25T11:16:46","slug":"faschingskonzert-mit-unseren-jungmusikern","status":"publish","type":"post","link":"http:\/\/www.mvenzenkirchen.at\/cms\/faschingskonzert-mit-unseren-jungmusikern\/","title":{"rendered":"FASCHINGSKONZERT MIT UNSEREN JUNGMUSIKERN"},"content":{"rendered":"\n<p>Mit vielen lustigen Beitr\u00e4gen und entsprechender Verkleidung pr\u00e4sentierte sich unser Jungmusikernachwuchs beim Faschingskonzert im bis auf den letzten Platz gef\u00fcllten Pfarrsaal. Von der Blockfl\u00f6te und Querfl\u00f6te \u00fcber das Fagott und die Klarinette bis hin zum fetzigen und coolen Schlagwerk waren viele Instrumentengruppen vertreten.&nbsp;<br>Das Musizieren in dieser entspannten Athmosph\u00e4re machte den jungen K\u00fcnstlern sichtlich Spa\u00df und wurde vom Publikum mit gro\u00dfem Applaus belohnt.&nbsp;<\/p>\n\n\n\n<figure class=\"wp-block-gallery columns-3 is-cropped wp-block-gallery-1 is-layout-flex wp-block-gallery-is-layout-flex\"><ul class=\"blocks-gallery-grid\"><li class=\"blocks-gallery-item\"><figure><img fetchpriority=\"high\" decoding=\"async\" width=\"1024\" height=\"683\" src=\"http:\/\/www.mvenzenkirchen.at\/cms\/wp-content\/uploads\/2020\/02\/mve-faschingskonzert-20-1-1024x683.jpg\" alt=\"\" data-id=\"1933\" data-full-url=\"http:\/\/www.mvenzenkirchen.at\/cms\/wp-content\/uploads\/2020\/02\/mve-faschingskonzert-20-1-scaled.jpg\" data-link=\"http:\/\/www.mvenzenkirchen.at\/cms\/?attachment_id=1933\" class=\"wp-image-1933\" srcset=\"http:\/\/www.mvenzenkirchen.at\/cms\/wp-content\/uploads\/2020\/02\/mve-faschingskonzert-20-1-1024x683.jpg 1024w, http:\/\/www.mvenzenkirchen.at\/cms\/wp-content\/uploads\/2020\/02\/mve-faschingskonzert-20-1-300x200.jpg 300w, http:\/\/www.mvenzenkirchen.at\/cms\/wp-content\/uploads\/2020\/02\/mve-faschingskonzert-20-1-768x512.jpg 768w, http:\/\/www.mvenzenkirchen.at\/cms\/wp-content\/uploads\/2020\/02\/mve-faschingskonzert-20-1-1536x1024.jpg 1536w, http:\/\/www.mvenzenkirchen.at\/cms\/wp-content\/uploads\/2020\/02\/mve-faschingskonzert-20-1-2048x1365.jpg 2048w\" sizes=\"(max-width: 1024px) 100vw, 1024px\" \/><\/figure><\/li><li class=\"blocks-gallery-item\"><figure><img decoding=\"async\" width=\"683\" height=\"1024\" src=\"http:\/\/www.mvenzenkirchen.at\/cms\/wp-content\/uploads\/2020\/02\/mve-faschingskonzert-20-3-683x1024.jpg\" alt=\"\" data-id=\"1934\" data-full-url=\"http:\/\/www.mvenzenkirchen.at\/cms\/wp-content\/uploads\/2020\/02\/mve-faschingskonzert-20-3-scaled.jpg\" data-link=\"http:\/\/www.mvenzenkirchen.at\/cms\/?attachment_id=1934\" class=\"wp-image-1934\" srcset=\"http:\/\/www.mvenzenkirchen.at\/cms\/wp-content\/uploads\/2020\/02\/mve-faschingskonzert-20-3-683x1024.jpg 683w, http:\/\/www.mvenzenkirchen.at\/cms\/wp-content\/uploads\/2020\/02\/mve-faschingskonzert-20-3-200x300.jpg 200w, http:\/\/www.mvenzenkirchen.at\/cms\/wp-content\/uploads\/2020\/02\/mve-faschingskonzert-20-3-768x1152.jpg 768w, http:\/\/www.mvenzenkirchen.at\/cms\/wp-content\/uploads\/2020\/02\/mve-faschingskonzert-20-3-1024x1536.jpg 1024w, http:\/\/www.mvenzenkirchen.at\/cms\/wp-content\/uploads\/2020\/02\/mve-faschingskonzert-20-3-1365x2048.jpg 1365w, http:\/\/www.mvenzenkirchen.at\/cms\/wp-content\/uploads\/2020\/02\/mve-faschingskonzert-20-3-scaled.jpg 1707w\" sizes=\"(max-width: 683px) 100vw, 683px\" \/><\/figure><\/li><li class=\"blocks-gallery-item\"><figure><img decoding=\"async\" width=\"1024\" height=\"683\" src=\"http:\/\/www.mvenzenkirchen.at\/cms\/wp-content\/uploads\/2020\/02\/mve-faschingskonzert-20-4-1024x683.jpg\" alt=\"\" data-id=\"1935\" data-full-url=\"http:\/\/www.mvenzenkirchen.at\/cms\/wp-content\/uploads\/2020\/02\/mve-faschingskonzert-20-4-scaled.jpg\" data-link=\"http:\/\/www.mvenzenkirchen.at\/cms\/?attachment_id=1935\" class=\"wp-image-1935\" srcset=\"http:\/\/www.mvenzenkirchen.at\/cms\/wp-content\/uploads\/2020\/02\/mve-faschingskonzert-20-4-1024x683.jpg 1024w, http:\/\/www.mvenzenkirchen.at\/cms\/wp-content\/uploads\/2020\/02\/mve-faschingskonzert-20-4-300x200.jpg 300w, http:\/\/www.mvenzenkirchen.at\/cms\/wp-content\/uploads\/2020\/02\/mve-faschingskonzert-20-4-768x512.jpg 768w, http:\/\/www.mvenzenkirchen.at\/cms\/wp-content\/uploads\/2020\/02\/mve-faschingskonzert-20-4-1536x1024.jpg 1536w, http:\/\/www.mvenzenkirchen.at\/cms\/wp-content\/uploads\/2020\/02\/mve-faschingskonzert-20-4-2048x1365.jpg 2048w\" sizes=\"(max-width: 1024px) 100vw, 1024px\" \/><\/figure><\/li><li class=\"blocks-gallery-item\"><figure><img loading=\"lazy\" decoding=\"async\" width=\"1024\" height=\"683\" src=\"http:\/\/www.mvenzenkirchen.at\/cms\/wp-content\/uploads\/2020\/02\/mve-faschingskonzert-20-7-1024x683.jpg\" alt=\"\" data-id=\"1936\" data-full-url=\"http:\/\/www.mvenzenkirchen.at\/cms\/wp-content\/uploads\/2020\/02\/mve-faschingskonzert-20-7-scaled.jpg\" data-link=\"http:\/\/www.mvenzenkirchen.at\/cms\/?attachment_id=1936\" class=\"wp-image-1936\" srcset=\"http:\/\/www.mvenzenkirchen.at\/cms\/wp-content\/uploads\/2020\/02\/mve-faschingskonzert-20-7-1024x683.jpg 1024w, http:\/\/www.mvenzenkirchen.at\/cms\/wp-content\/uploads\/2020\/02\/mve-faschingskonzert-20-7-300x200.jpg 300w, http:\/\/www.mvenzenkirchen.at\/cms\/wp-content\/uploads\/2020\/02\/mve-faschingskonzert-20-7-768x512.jpg 768w, http:\/\/www.mvenzenkirchen.at\/cms\/wp-content\/uploads\/2020\/02\/mve-faschingskonzert-20-7-1536x1024.jpg 1536w, http:\/\/www.mvenzenkirchen.at\/cms\/wp-content\/uploads\/2020\/02\/mve-faschingskonzert-20-7-2048x1365.jpg 2048w\" sizes=\"(max-width: 1024px) 100vw, 1024px\" \/><\/figure><\/li><li class=\"blocks-gallery-item\"><figure><img loading=\"lazy\" decoding=\"async\" width=\"1024\" height=\"683\" src=\"http:\/\/www.mvenzenkirchen.at\/cms\/wp-content\/uploads\/2020\/02\/mve-faschingskonzert-20-12-1024x683.jpg\" alt=\"\" data-id=\"1937\" data-full-url=\"http:\/\/www.mvenzenkirchen.at\/cms\/wp-content\/uploads\/2020\/02\/mve-faschingskonzert-20-12-scaled.jpg\" data-link=\"http:\/\/www.mvenzenkirchen.at\/cms\/?attachment_id=1937\" class=\"wp-image-1937\" srcset=\"http:\/\/www.mvenzenkirchen.at\/cms\/wp-content\/uploads\/2020\/02\/mve-faschingskonzert-20-12-1024x683.jpg 1024w, http:\/\/www.mvenzenkirchen.at\/cms\/wp-content\/uploads\/2020\/02\/mve-faschingskonzert-20-12-300x200.jpg 300w, http:\/\/www.mvenzenkirchen.at\/cms\/wp-content\/uploads\/2020\/02\/mve-faschingskonzert-20-12-768x512.jpg 768w, http:\/\/www.mvenzenkirchen.at\/cms\/wp-content\/uploads\/2020\/02\/mve-faschingskonzert-20-12-1536x1024.jpg 1536w, http:\/\/www.mvenzenkirchen.at\/cms\/wp-content\/uploads\/2020\/02\/mve-faschingskonzert-20-12-2048x1365.jpg 2048w\" sizes=\"(max-width: 1024px) 100vw, 1024px\" \/><\/figure><\/li><li class=\"blocks-gallery-item\"><figure><img loading=\"lazy\" decoding=\"async\" width=\"1024\" height=\"683\" src=\"http:\/\/www.mvenzenkirchen.at\/cms\/wp-content\/uploads\/2020\/02\/mve-faschingskonzert-20-15-1024x683.jpg\" alt=\"\" data-id=\"1938\" data-full-url=\"http:\/\/www.mvenzenkirchen.at\/cms\/wp-content\/uploads\/2020\/02\/mve-faschingskonzert-20-15-scaled.jpg\" data-link=\"http:\/\/www.mvenzenkirchen.at\/cms\/?attachment_id=1938\" class=\"wp-image-1938\" srcset=\"http:\/\/www.mvenzenkirchen.at\/cms\/wp-content\/uploads\/2020\/02\/mve-faschingskonzert-20-15-1024x683.jpg 1024w, http:\/\/www.mvenzenkirchen.at\/cms\/wp-content\/uploads\/2020\/02\/mve-faschingskonzert-20-15-300x200.jpg 300w, http:\/\/www.mvenzenkirchen.at\/cms\/wp-content\/uploads\/2020\/02\/mve-faschingskonzert-20-15-768x512.jpg 768w, http:\/\/www.mvenzenkirchen.at\/cms\/wp-content\/uploads\/2020\/02\/mve-faschingskonzert-20-15-1536x1024.jpg 1536w, http:\/\/www.mvenzenkirchen.at\/cms\/wp-content\/uploads\/2020\/02\/mve-faschingskonzert-20-15-2048x1365.jpg 2048w\" sizes=\"(max-width: 1024px) 100vw, 1024px\" \/><\/figure><\/li><li class=\"blocks-gallery-item\"><figure><img loading=\"lazy\" decoding=\"async\" width=\"1024\" height=\"683\" src=\"http:\/\/www.mvenzenkirchen.at\/cms\/wp-content\/uploads\/2020\/02\/mve-faschingskonzert-20-22-1024x683.jpg\" alt=\"\" data-id=\"1939\" data-full-url=\"http:\/\/www.mvenzenkirchen.at\/cms\/wp-content\/uploads\/2020\/02\/mve-faschingskonzert-20-22-scaled.jpg\" data-link=\"http:\/\/www.mvenzenkirchen.at\/cms\/?attachment_id=1939\" class=\"wp-image-1939\" srcset=\"http:\/\/www.mvenzenkirchen.at\/cms\/wp-content\/uploads\/2020\/02\/mve-faschingskonzert-20-22-1024x683.jpg 1024w, http:\/\/www.mvenzenkirchen.at\/cms\/wp-content\/uploads\/2020\/02\/mve-faschingskonzert-20-22-300x200.jpg 300w, http:\/\/www.mvenzenkirchen.at\/cms\/wp-content\/uploads\/2020\/02\/mve-faschingskonzert-20-22-768x512.jpg 768w, http:\/\/www.mvenzenkirchen.at\/cms\/wp-content\/uploads\/2020\/02\/mve-faschingskonzert-20-22-1536x1024.jpg 1536w, http:\/\/www.mvenzenkirchen.at\/cms\/wp-content\/uploads\/2020\/02\/mve-faschingskonzert-20-22-2048x1365.jpg 2048w\" sizes=\"(max-width: 1024px) 100vw, 1024px\" \/><\/figure><\/li><li class=\"blocks-gallery-item\"><figure><img loading=\"lazy\" decoding=\"async\" width=\"1024\" height=\"683\" src=\"http:\/\/www.mvenzenkirchen.at\/cms\/wp-content\/uploads\/2020\/02\/mve-faschingskonzert-20-23-1024x683.jpg\" alt=\"\" data-id=\"1940\" data-full-url=\"http:\/\/www.mvenzenkirchen.at\/cms\/wp-content\/uploads\/2020\/02\/mve-faschingskonzert-20-23-scaled.jpg\" data-link=\"http:\/\/www.mvenzenkirchen.at\/cms\/?attachment_id=1940\" class=\"wp-image-1940\" srcset=\"http:\/\/www.mvenzenkirchen.at\/cms\/wp-content\/uploads\/2020\/02\/mve-faschingskonzert-20-23-1024x683.jpg 1024w, http:\/\/www.mvenzenkirchen.at\/cms\/wp-content\/uploads\/2020\/02\/mve-faschingskonzert-20-23-300x200.jpg 300w, http:\/\/www.mvenzenkirchen.at\/cms\/wp-content\/uploads\/2020\/02\/mve-faschingskonzert-20-23-768x512.jpg 768w, http:\/\/www.mvenzenkirchen.at\/cms\/wp-content\/uploads\/2020\/02\/mve-faschingskonzert-20-23-1536x1024.jpg 1536w, http:\/\/www.mvenzenkirchen.at\/cms\/wp-content\/uploads\/2020\/02\/mve-faschingskonzert-20-23-2048x1365.jpg 2048w\" sizes=\"(max-width: 1024px) 100vw, 1024px\" \/><\/figure><\/li><li class=\"blocks-gallery-item\"><figure><img loading=\"lazy\" decoding=\"async\" width=\"1024\" height=\"683\" src=\"http:\/\/www.mvenzenkirchen.at\/cms\/wp-content\/uploads\/2020\/02\/mve-faschingskonzert-20-26-1024x683.jpg\" alt=\"\" data-id=\"1941\" data-full-url=\"http:\/\/www.mvenzenkirchen.at\/cms\/wp-content\/uploads\/2020\/02\/mve-faschingskonzert-20-26-scaled.jpg\" data-link=\"http:\/\/www.mvenzenkirchen.at\/cms\/?attachment_id=1941\" class=\"wp-image-1941\" srcset=\"http:\/\/www.mvenzenkirchen.at\/cms\/wp-content\/uploads\/2020\/02\/mve-faschingskonzert-20-26-1024x683.jpg 1024w, http:\/\/www.mvenzenkirchen.at\/cms\/wp-content\/uploads\/2020\/02\/mve-faschingskonzert-20-26-300x200.jpg 300w, http:\/\/www.mvenzenkirchen.at\/cms\/wp-content\/uploads\/2020\/02\/mve-faschingskonzert-20-26-768x512.jpg 768w, http:\/\/www.mvenzenkirchen.at\/cms\/wp-content\/uploads\/2020\/02\/mve-faschingskonzert-20-26-1536x1024.jpg 1536w, http:\/\/www.mvenzenkirchen.at\/cms\/wp-content\/uploads\/2020\/02\/mve-faschingskonzert-20-26-2048x1365.jpg 2048w\" sizes=\"(max-width: 1024px) 100vw, 1024px\" \/><\/figure><\/li><li class=\"blocks-gallery-item\"><figure><img loading=\"lazy\" decoding=\"async\" width=\"1024\" height=\"683\" src=\"http:\/\/www.mvenzenkirchen.at\/cms\/wp-content\/uploads\/2020\/02\/mve-faschingskonzert-20-29-1024x683.jpg\" alt=\"\" data-id=\"1942\" data-full-url=\"http:\/\/www.mvenzenkirchen.at\/cms\/wp-content\/uploads\/2020\/02\/mve-faschingskonzert-20-29-scaled.jpg\" data-link=\"http:\/\/www.mvenzenkirchen.at\/cms\/?attachment_id=1942\" class=\"wp-image-1942\" srcset=\"http:\/\/www.mvenzenkirchen.at\/cms\/wp-content\/uploads\/2020\/02\/mve-faschingskonzert-20-29-1024x683.jpg 1024w, http:\/\/www.mvenzenkirchen.at\/cms\/wp-content\/uploads\/2020\/02\/mve-faschingskonzert-20-29-300x200.jpg 300w, http:\/\/www.mvenzenkirchen.at\/cms\/wp-content\/uploads\/2020\/02\/mve-faschingskonzert-20-29-768x512.jpg 768w, http:\/\/www.mvenzenkirchen.at\/cms\/wp-content\/uploads\/2020\/02\/mve-faschingskonzert-20-29-1536x1024.jpg 1536w, http:\/\/www.mvenzenkirchen.at\/cms\/wp-content\/uploads\/2020\/02\/mve-faschingskonzert-20-29-2048x1365.jpg 2048w\" sizes=\"(max-width: 1024px) 100vw, 1024px\" \/><\/figure><\/li><li class=\"blocks-gallery-item\"><figure><img loading=\"lazy\" decoding=\"async\" width=\"1024\" height=\"683\" src=\"http:\/\/www.mvenzenkirchen.at\/cms\/wp-content\/uploads\/2020\/02\/mve-faschingskonzert-20-32-1024x683.jpg\" alt=\"\" data-id=\"1943\" data-full-url=\"http:\/\/www.mvenzenkirchen.at\/cms\/wp-content\/uploads\/2020\/02\/mve-faschingskonzert-20-32-scaled.jpg\" data-link=\"http:\/\/www.mvenzenkirchen.at\/cms\/?attachment_id=1943\" class=\"wp-image-1943\" srcset=\"http:\/\/www.mvenzenkirchen.at\/cms\/wp-content\/uploads\/2020\/02\/mve-faschingskonzert-20-32-1024x683.jpg 1024w, http:\/\/www.mvenzenkirchen.at\/cms\/wp-content\/uploads\/2020\/02\/mve-faschingskonzert-20-32-300x200.jpg 300w, http:\/\/www.mvenzenkirchen.at\/cms\/wp-content\/uploads\/2020\/02\/mve-faschingskonzert-20-32-768x512.jpg 768w, http:\/\/www.mvenzenkirchen.at\/cms\/wp-content\/uploads\/2020\/02\/mve-faschingskonzert-20-32-1536x1024.jpg 1536w, http:\/\/www.mvenzenkirchen.at\/cms\/wp-content\/uploads\/2020\/02\/mve-faschingskonzert-20-32-2048x1365.jpg 2048w\" sizes=\"(max-width: 1024px) 100vw, 1024px\" \/><\/figure><\/li><li class=\"blocks-gallery-item\"><figure><img loading=\"lazy\" decoding=\"async\" width=\"683\" height=\"1024\" src=\"http:\/\/www.mvenzenkirchen.at\/cms\/wp-content\/uploads\/2020\/02\/mve-faschingskonzert-20-34-683x1024.jpg\" alt=\"\" data-id=\"1944\" data-full-url=\"http:\/\/www.mvenzenkirchen.at\/cms\/wp-content\/uploads\/2020\/02\/mve-faschingskonzert-20-34-scaled.jpg\" data-link=\"http:\/\/www.mvenzenkirchen.at\/cms\/?attachment_id=1944\" class=\"wp-image-1944\" srcset=\"http:\/\/www.mvenzenkirchen.at\/cms\/wp-content\/uploads\/2020\/02\/mve-faschingskonzert-20-34-683x1024.jpg 683w, http:\/\/www.mvenzenkirchen.at\/cms\/wp-content\/uploads\/2020\/02\/mve-faschingskonzert-20-34-200x300.jpg 200w, http:\/\/www.mvenzenkirchen.at\/cms\/wp-content\/uploads\/2020\/02\/mve-faschingskonzert-20-34-768x1152.jpg 768w, http:\/\/www.mvenzenkirchen.at\/cms\/wp-content\/uploads\/2020\/02\/mve-faschingskonzert-20-34-1024x1536.jpg 1024w, http:\/\/www.mvenzenkirchen.at\/cms\/wp-content\/uploads\/2020\/02\/mve-faschingskonzert-20-34-1365x2048.jpg 1365w, http:\/\/www.mvenzenkirchen.at\/cms\/wp-content\/uploads\/2020\/02\/mve-faschingskonzert-20-34-scaled.jpg 1707w\" sizes=\"(max-width: 683px) 100vw, 683px\" \/><\/figure><\/li><li class=\"blocks-gallery-item\"><figure><img loading=\"lazy\" decoding=\"async\" width=\"1024\" height=\"683\" src=\"http:\/\/www.mvenzenkirchen.at\/cms\/wp-content\/uploads\/2020\/02\/mve-faschingskonzert-20-38-1024x683.jpg\" alt=\"\" data-id=\"1945\" data-full-url=\"http:\/\/www.mvenzenkirchen.at\/cms\/wp-content\/uploads\/2020\/02\/mve-faschingskonzert-20-38-scaled.jpg\" data-link=\"http:\/\/www.mvenzenkirchen.at\/cms\/?attachment_id=1945\" class=\"wp-image-1945\" srcset=\"http:\/\/www.mvenzenkirchen.at\/cms\/wp-content\/uploads\/2020\/02\/mve-faschingskonzert-20-38-1024x683.jpg 1024w, http:\/\/www.mvenzenkirchen.at\/cms\/wp-content\/uploads\/2020\/02\/mve-faschingskonzert-20-38-300x200.jpg 300w, http:\/\/www.mvenzenkirchen.at\/cms\/wp-content\/uploads\/2020\/02\/mve-faschingskonzert-20-38-768x512.jpg 768w, http:\/\/www.mvenzenkirchen.at\/cms\/wp-content\/uploads\/2020\/02\/mve-faschingskonzert-20-38-1536x1024.jpg 1536w, http:\/\/www.mvenzenkirchen.at\/cms\/wp-content\/uploads\/2020\/02\/mve-faschingskonzert-20-38-2048x1365.jpg 2048w\" sizes=\"(max-width: 1024px) 100vw, 1024px\" \/><\/figure><\/li><li class=\"blocks-gallery-item\"><figure><img loading=\"lazy\" decoding=\"async\" width=\"1024\" height=\"683\" src=\"http:\/\/www.mvenzenkirchen.at\/cms\/wp-content\/uploads\/2020\/02\/mve-faschingskonzert-20-39-1024x683.jpg\" alt=\"\" data-id=\"1946\" data-full-url=\"http:\/\/www.mvenzenkirchen.at\/cms\/wp-content\/uploads\/2020\/02\/mve-faschingskonzert-20-39-scaled.jpg\" data-link=\"http:\/\/www.mvenzenkirchen.at\/cms\/?attachment_id=1946\" class=\"wp-image-1946\" srcset=\"http:\/\/www.mvenzenkirchen.at\/cms\/wp-content\/uploads\/2020\/02\/mve-faschingskonzert-20-39-1024x683.jpg 1024w, http:\/\/www.mvenzenkirchen.at\/cms\/wp-content\/uploads\/2020\/02\/mve-faschingskonzert-20-39-300x200.jpg 300w, http:\/\/www.mvenzenkirchen.at\/cms\/wp-content\/uploads\/2020\/02\/mve-faschingskonzert-20-39-768x512.jpg 768w, http:\/\/www.mvenzenkirchen.at\/cms\/wp-content\/uploads\/2020\/02\/mve-faschingskonzert-20-39-1536x1024.jpg 1536w, http:\/\/www.mvenzenkirchen.at\/cms\/wp-content\/uploads\/2020\/02\/mve-faschingskonzert-20-39-2048x1365.jpg 2048w\" sizes=\"(max-width: 1024px) 100vw, 1024px\" \/><\/figure><\/li><li class=\"blocks-gallery-item\"><figure><img loading=\"lazy\" decoding=\"async\" width=\"683\" height=\"1024\" src=\"http:\/\/www.mvenzenkirchen.at\/cms\/wp-content\/uploads\/2020\/02\/mve-faschingskonzert-20-40-683x1024.jpg\" alt=\"\" data-id=\"1947\" data-full-url=\"http:\/\/www.mvenzenkirchen.at\/cms\/wp-content\/uploads\/2020\/02\/mve-faschingskonzert-20-40-scaled.jpg\" data-link=\"http:\/\/www.mvenzenkirchen.at\/cms\/?attachment_id=1947\" class=\"wp-image-1947\" srcset=\"http:\/\/www.mvenzenkirchen.at\/cms\/wp-content\/uploads\/2020\/02\/mve-faschingskonzert-20-40-683x1024.jpg 683w, http:\/\/www.mvenzenkirchen.at\/cms\/wp-content\/uploads\/2020\/02\/mve-faschingskonzert-20-40-200x300.jpg 200w, http:\/\/www.mvenzenkirchen.at\/cms\/wp-content\/uploads\/2020\/02\/mve-faschingskonzert-20-40-768x1152.jpg 768w, http:\/\/www.mvenzenkirchen.at\/cms\/wp-content\/uploads\/2020\/02\/mve-faschingskonzert-20-40-1024x1536.jpg 1024w, http:\/\/www.mvenzenkirchen.at\/cms\/wp-content\/uploads\/2020\/02\/mve-faschingskonzert-20-40-1365x2048.jpg 1365w, http:\/\/www.mvenzenkirchen.at\/cms\/wp-content\/uploads\/2020\/02\/mve-faschingskonzert-20-40-scaled.jpg 1707w\" sizes=\"(max-width: 683px) 100vw, 683px\" \/><\/figure><\/li><li class=\"blocks-gallery-item\"><figure><img loading=\"lazy\" decoding=\"async\" width=\"1024\" height=\"683\" src=\"http:\/\/www.mvenzenkirchen.at\/cms\/wp-content\/uploads\/2020\/02\/mve-faschingskonzert-20-42-1024x683.jpg\" alt=\"\" data-id=\"1948\" data-full-url=\"http:\/\/www.mvenzenkirchen.at\/cms\/wp-content\/uploads\/2020\/02\/mve-faschingskonzert-20-42-scaled.jpg\" data-link=\"http:\/\/www.mvenzenkirchen.at\/cms\/?attachment_id=1948\" class=\"wp-image-1948\" srcset=\"http:\/\/www.mvenzenkirchen.at\/cms\/wp-content\/uploads\/2020\/02\/mve-faschingskonzert-20-42-1024x683.jpg 1024w, http:\/\/www.mvenzenkirchen.at\/cms\/wp-content\/uploads\/2020\/02\/mve-faschingskonzert-20-42-300x200.jpg 300w, http:\/\/www.mvenzenkirchen.at\/cms\/wp-content\/uploads\/2020\/02\/mve-faschingskonzert-20-42-768x512.jpg 768w, http:\/\/www.mvenzenkirchen.at\/cms\/wp-content\/uploads\/2020\/02\/mve-faschingskonzert-20-42-1536x1024.jpg 1536w, http:\/\/www.mvenzenkirchen.at\/cms\/wp-content\/uploads\/2020\/02\/mve-faschingskonzert-20-42-2048x1365.jpg 2048w\" sizes=\"(max-width: 1024px) 100vw, 1024px\" \/><\/figure><\/li><li class=\"blocks-gallery-item\"><figure><img loading=\"lazy\" decoding=\"async\" width=\"683\" height=\"1024\" src=\"http:\/\/www.mvenzenkirchen.at\/cms\/wp-content\/uploads\/2020\/02\/mve-faschingskonzert-20-44-683x1024.jpg\" alt=\"\" data-id=\"1949\" data-full-url=\"http:\/\/www.mvenzenkirchen.at\/cms\/wp-content\/uploads\/2020\/02\/mve-faschingskonzert-20-44-scaled.jpg\" data-link=\"http:\/\/www.mvenzenkirchen.at\/cms\/?attachment_id=1949\" class=\"wp-image-1949\" srcset=\"http:\/\/www.mvenzenkirchen.at\/cms\/wp-content\/uploads\/2020\/02\/mve-faschingskonzert-20-44-683x1024.jpg 683w, http:\/\/www.mvenzenkirchen.at\/cms\/wp-content\/uploads\/2020\/02\/mve-faschingskonzert-20-44-200x300.jpg 200w, http:\/\/www.mvenzenkirchen.at\/cms\/wp-content\/uploads\/2020\/02\/mve-faschingskonzert-20-44-768x1152.jpg 768w, http:\/\/www.mvenzenkirchen.at\/cms\/wp-content\/uploads\/2020\/02\/mve-faschingskonzert-20-44-1024x1536.jpg 1024w, http:\/\/www.mvenzenkirchen.at\/cms\/wp-content\/uploads\/2020\/02\/mve-faschingskonzert-20-44-1365x2048.jpg 1365w, http:\/\/www.mvenzenkirchen.at\/cms\/wp-content\/uploads\/2020\/02\/mve-faschingskonzert-20-44-scaled.jpg 1706w\" sizes=\"(max-width: 683px) 100vw, 683px\" \/><\/figure><\/li><li class=\"blocks-gallery-item\"><figure><img loading=\"lazy\" decoding=\"async\" width=\"1024\" height=\"683\" src=\"http:\/\/www.mvenzenkirchen.at\/cms\/wp-content\/uploads\/2020\/02\/mve-faschingskonzert-20-45-1024x683.jpg\" alt=\"\" data-id=\"1950\" data-full-url=\"http:\/\/www.mvenzenkirchen.at\/cms\/wp-content\/uploads\/2020\/02\/mve-faschingskonzert-20-45-scaled.jpg\" data-link=\"http:\/\/www.mvenzenkirchen.at\/cms\/?attachment_id=1950\" class=\"wp-image-1950\" srcset=\"http:\/\/www.mvenzenkirchen.at\/cms\/wp-content\/uploads\/2020\/02\/mve-faschingskonzert-20-45-1024x683.jpg 1024w, http:\/\/www.mvenzenkirchen.at\/cms\/wp-content\/uploads\/2020\/02\/mve-faschingskonzert-20-45-300x200.jpg 300w, http:\/\/www.mvenzenkirchen.at\/cms\/wp-content\/uploads\/2020\/02\/mve-faschingskonzert-20-45-768x512.jpg 768w, http:\/\/www.mvenzenkirchen.at\/cms\/wp-content\/uploads\/2020\/02\/mve-faschingskonzert-20-45-1536x1024.jpg 1536w, http:\/\/www.mvenzenkirchen.at\/cms\/wp-content\/uploads\/2020\/02\/mve-faschingskonzert-20-45-2048x1365.jpg 2048w\" sizes=\"(max-width: 1024px) 100vw, 1024px\" \/><\/figure><\/li><li class=\"blocks-gallery-item\"><figure><img loading=\"lazy\" decoding=\"async\" width=\"1024\" height=\"683\" src=\"http:\/\/www.mvenzenkirchen.at\/cms\/wp-content\/uploads\/2020\/02\/mve-faschingskonzert-20-46-1024x683.jpg\" alt=\"\" data-id=\"1951\" data-full-url=\"http:\/\/www.mvenzenkirchen.at\/cms\/wp-content\/uploads\/2020\/02\/mve-faschingskonzert-20-46-scaled.jpg\" data-link=\"http:\/\/www.mvenzenkirchen.at\/cms\/?attachment_id=1951\" class=\"wp-image-1951\" srcset=\"http:\/\/www.mvenzenkirchen.at\/cms\/wp-content\/uploads\/2020\/02\/mve-faschingskonzert-20-46-1024x683.jpg 1024w, http:\/\/www.mvenzenkirchen.at\/cms\/wp-content\/uploads\/2020\/02\/mve-faschingskonzert-20-46-300x200.jpg 300w, http:\/\/www.mvenzenkirchen.at\/cms\/wp-content\/uploads\/2020\/02\/mve-faschingskonzert-20-46-768x512.jpg 768w, http:\/\/www.mvenzenkirchen.at\/cms\/wp-content\/uploads\/2020\/02\/mve-faschingskonzert-20-46-1536x1024.jpg 1536w, http:\/\/www.mvenzenkirchen.at\/cms\/wp-content\/uploads\/2020\/02\/mve-faschingskonzert-20-46-2048x1365.jpg 2048w\" sizes=\"(max-width: 1024px) 100vw, 1024px\" \/><\/figure><\/li><li class=\"blocks-gallery-item\"><figure><img loading=\"lazy\" decoding=\"async\" width=\"1024\" height=\"683\" src=\"http:\/\/www.mvenzenkirchen.at\/cms\/wp-content\/uploads\/2020\/02\/mve-faschingskonzert-20-48-1024x683.jpg\" alt=\"\" data-id=\"1952\" data-full-url=\"http:\/\/www.mvenzenkirchen.at\/cms\/wp-content\/uploads\/2020\/02\/mve-faschingskonzert-20-48-scaled.jpg\" data-link=\"http:\/\/www.mvenzenkirchen.at\/cms\/?attachment_id=1952\" class=\"wp-image-1952\" srcset=\"http:\/\/www.mvenzenkirchen.at\/cms\/wp-content\/uploads\/2020\/02\/mve-faschingskonzert-20-48-1024x683.jpg 1024w, http:\/\/www.mvenzenkirchen.at\/cms\/wp-content\/uploads\/2020\/02\/mve-faschingskonzert-20-48-300x200.jpg 300w, http:\/\/www.mvenzenkirchen.at\/cms\/wp-content\/uploads\/2020\/02\/mve-faschingskonzert-20-48-768x512.jpg 768w, http:\/\/www.mvenzenkirchen.at\/cms\/wp-content\/uploads\/2020\/02\/mve-faschingskonzert-20-48-1536x1024.jpg 1536w, http:\/\/www.mvenzenkirchen.at\/cms\/wp-content\/uploads\/2020\/02\/mve-faschingskonzert-20-48-2048x1365.jpg 2048w\" sizes=\"(max-width: 1024px) 100vw, 1024px\" \/><\/figure><\/li><li class=\"blocks-gallery-item\"><figure><img loading=\"lazy\" decoding=\"async\" width=\"1024\" height=\"683\" src=\"http:\/\/www.mvenzenkirchen.at\/cms\/wp-content\/uploads\/2020\/02\/mve-faschingskonzert-20-50-1024x683.jpg\" alt=\"\" data-id=\"1953\" data-full-url=\"http:\/\/www.mvenzenkirchen.at\/cms\/wp-content\/uploads\/2020\/02\/mve-faschingskonzert-20-50-scaled.jpg\" data-link=\"http:\/\/www.mvenzenkirchen.at\/cms\/?attachment_id=1953\" class=\"wp-image-1953\" srcset=\"http:\/\/www.mvenzenkirchen.at\/cms\/wp-content\/uploads\/2020\/02\/mve-faschingskonzert-20-50-1024x683.jpg 1024w, http:\/\/www.mvenzenkirchen.at\/cms\/wp-content\/uploads\/2020\/02\/mve-faschingskonzert-20-50-300x200.jpg 300w, http:\/\/www.mvenzenkirchen.at\/cms\/wp-content\/uploads\/2020\/02\/mve-faschingskonzert-20-50-768x512.jpg 768w, http:\/\/www.mvenzenkirchen.at\/cms\/wp-content\/uploads\/2020\/02\/mve-faschingskonzert-20-50-1536x1024.jpg 1536w, http:\/\/www.mvenzenkirchen.at\/cms\/wp-content\/uploads\/2020\/02\/mve-faschingskonzert-20-50-2048x1365.jpg 2048w\" sizes=\"(max-width: 1024px) 100vw, 1024px\" \/><\/figure><\/li><li class=\"blocks-gallery-item\"><figure><img loading=\"lazy\" decoding=\"async\" width=\"1024\" height=\"683\" src=\"http:\/\/www.mvenzenkirchen.at\/cms\/wp-content\/uploads\/2020\/02\/mve-faschingskonzert-20-51-1024x683.jpg\" alt=\"\" data-id=\"1954\" data-full-url=\"http:\/\/www.mvenzenkirchen.at\/cms\/wp-content\/uploads\/2020\/02\/mve-faschingskonzert-20-51-scaled.jpg\" data-link=\"http:\/\/www.mvenzenkirchen.at\/cms\/?attachment_id=1954\" class=\"wp-image-1954\" srcset=\"http:\/\/www.mvenzenkirchen.at\/cms\/wp-content\/uploads\/2020\/02\/mve-faschingskonzert-20-51-1024x683.jpg 1024w, http:\/\/www.mvenzenkirchen.at\/cms\/wp-content\/uploads\/2020\/02\/mve-faschingskonzert-20-51-300x200.jpg 300w, http:\/\/www.mvenzenkirchen.at\/cms\/wp-content\/uploads\/2020\/02\/mve-faschingskonzert-20-51-768x512.jpg 768w, http:\/\/www.mvenzenkirchen.at\/cms\/wp-content\/uploads\/2020\/02\/mve-faschingskonzert-20-51-1536x1024.jpg 1536w, http:\/\/www.mvenzenkirchen.at\/cms\/wp-content\/uploads\/2020\/02\/mve-faschingskonzert-20-51-2048x1365.jpg 2048w\" sizes=\"(max-width: 1024px) 100vw, 1024px\" \/><\/figure><\/li><li class=\"blocks-gallery-item\"><figure><img loading=\"lazy\" decoding=\"async\" width=\"683\" height=\"1024\" src=\"http:\/\/www.mvenzenkirchen.at\/cms\/wp-content\/uploads\/2020\/02\/mve-faschingskonzert-20-52-683x1024.jpg\" alt=\"\" data-id=\"1955\" data-full-url=\"http:\/\/www.mvenzenkirchen.at\/cms\/wp-content\/uploads\/2020\/02\/mve-faschingskonzert-20-52-scaled.jpg\" data-link=\"http:\/\/www.mvenzenkirchen.at\/cms\/?attachment_id=1955\" class=\"wp-image-1955\" srcset=\"http:\/\/www.mvenzenkirchen.at\/cms\/wp-content\/uploads\/2020\/02\/mve-faschingskonzert-20-52-683x1024.jpg 683w, http:\/\/www.mvenzenkirchen.at\/cms\/wp-content\/uploads\/2020\/02\/mve-faschingskonzert-20-52-200x300.jpg 200w, http:\/\/www.mvenzenkirchen.at\/cms\/wp-content\/uploads\/2020\/02\/mve-faschingskonzert-20-52-768x1152.jpg 768w, http:\/\/www.mvenzenkirchen.at\/cms\/wp-content\/uploads\/2020\/02\/mve-faschingskonzert-20-52-1024x1536.jpg 1024w, http:\/\/www.mvenzenkirchen.at\/cms\/wp-content\/uploads\/2020\/02\/mve-faschingskonzert-20-52-1365x2048.jpg 1365w, http:\/\/www.mvenzenkirchen.at\/cms\/wp-content\/uploads\/2020\/02\/mve-faschingskonzert-20-52-scaled.jpg 1707w\" sizes=\"(max-width: 683px) 100vw, 683px\" \/><\/figure><\/li><li class=\"blocks-gallery-item\"><figure><img loading=\"lazy\" decoding=\"async\" width=\"683\" height=\"1024\" src=\"http:\/\/www.mvenzenkirchen.at\/cms\/wp-content\/uploads\/2020\/02\/mve-faschingskonzert-20-54-683x1024.jpg\" alt=\"\" data-id=\"1956\" data-full-url=\"http:\/\/www.mvenzenkirchen.at\/cms\/wp-content\/uploads\/2020\/02\/mve-faschingskonzert-20-54-scaled.jpg\" data-link=\"http:\/\/www.mvenzenkirchen.at\/cms\/?attachment_id=1956\" class=\"wp-image-1956\" srcset=\"http:\/\/www.mvenzenkirchen.at\/cms\/wp-content\/uploads\/2020\/02\/mve-faschingskonzert-20-54-683x1024.jpg 683w, http:\/\/www.mvenzenkirchen.at\/cms\/wp-content\/uploads\/2020\/02\/mve-faschingskonzert-20-54-200x300.jpg 200w, http:\/\/www.mvenzenkirchen.at\/cms\/wp-content\/uploads\/2020\/02\/mve-faschingskonzert-20-54-768x1152.jpg 768w, http:\/\/www.mvenzenkirchen.at\/cms\/wp-content\/uploads\/2020\/02\/mve-faschingskonzert-20-54-1024x1536.jpg 1024w, http:\/\/www.mvenzenkirchen.at\/cms\/wp-content\/uploads\/2020\/02\/mve-faschingskonzert-20-54-1365x2048.jpg 1365w, http:\/\/www.mvenzenkirchen.at\/cms\/wp-content\/uploads\/2020\/02\/mve-faschingskonzert-20-54-scaled.jpg 1707w\" sizes=\"(max-width: 683px) 100vw, 683px\" \/><\/figure><\/li><li class=\"blocks-gallery-item\"><figure><img loading=\"lazy\" decoding=\"async\" width=\"683\" height=\"1024\" src=\"http:\/\/www.mvenzenkirchen.at\/cms\/wp-content\/uploads\/2020\/02\/mve-faschingskonzert-20-59-683x1024.jpg\" alt=\"\" data-id=\"1957\" data-full-url=\"http:\/\/www.mvenzenkirchen.at\/cms\/wp-content\/uploads\/2020\/02\/mve-faschingskonzert-20-59-scaled.jpg\" data-link=\"http:\/\/www.mvenzenkirchen.at\/cms\/?attachment_id=1957\" class=\"wp-image-1957\" srcset=\"http:\/\/www.mvenzenkirchen.at\/cms\/wp-content\/uploads\/2020\/02\/mve-faschingskonzert-20-59-683x1024.jpg 683w, http:\/\/www.mvenzenkirchen.at\/cms\/wp-content\/uploads\/2020\/02\/mve-faschingskonzert-20-59-200x300.jpg 200w, http:\/\/www.mvenzenkirchen.at\/cms\/wp-content\/uploads\/2020\/02\/mve-faschingskonzert-20-59-768x1152.jpg 768w, http:\/\/www.mvenzenkirchen.at\/cms\/wp-content\/uploads\/2020\/02\/mve-faschingskonzert-20-59-1024x1536.jpg 1024w, http:\/\/www.mvenzenkirchen.at\/cms\/wp-content\/uploads\/2020\/02\/mve-faschingskonzert-20-59-1365x2048.jpg 1365w, http:\/\/www.mvenzenkirchen.at\/cms\/wp-content\/uploads\/2020\/02\/mve-faschingskonzert-20-59-scaled.jpg 1707w\" sizes=\"(max-width: 683px) 100vw, 683px\" \/><\/figure><\/li><li class=\"blocks-gallery-item\"><figure><img loading=\"lazy\" decoding=\"async\" width=\"1024\" height=\"683\" src=\"http:\/\/www.mvenzenkirchen.at\/cms\/wp-content\/uploads\/2020\/02\/mve-faschingskonzert-20-63-1024x683.jpg\" alt=\"\" data-id=\"1958\" data-full-url=\"http:\/\/www.mvenzenkirchen.at\/cms\/wp-content\/uploads\/2020\/02\/mve-faschingskonzert-20-63-scaled.jpg\" data-link=\"http:\/\/www.mvenzenkirchen.at\/cms\/?attachment_id=1958\" class=\"wp-image-1958\" srcset=\"http:\/\/www.mvenzenkirchen.at\/cms\/wp-content\/uploads\/2020\/02\/mve-faschingskonzert-20-63-1024x683.jpg 1024w, http:\/\/www.mvenzenkirchen.at\/cms\/wp-content\/uploads\/2020\/02\/mve-faschingskonzert-20-63-300x200.jpg 300w, http:\/\/www.mvenzenkirchen.at\/cms\/wp-content\/uploads\/2020\/02\/mve-faschingskonzert-20-63-768x512.jpg 768w, http:\/\/www.mvenzenkirchen.at\/cms\/wp-content\/uploads\/2020\/02\/mve-faschingskonzert-20-63-1536x1024.jpg 1536w, http:\/\/www.mvenzenkirchen.at\/cms\/wp-content\/uploads\/2020\/02\/mve-faschingskonzert-20-63-2048x1365.jpg 2048w\" sizes=\"(max-width: 1024px) 100vw, 1024px\" \/><\/figure><\/li><li class=\"blocks-gallery-item\"><figure><img loading=\"lazy\" decoding=\"async\" width=\"683\" height=\"1024\" src=\"http:\/\/www.mvenzenkirchen.at\/cms\/wp-content\/uploads\/2020\/02\/mve-faschingskonzert-20-67-683x1024.jpg\" alt=\"\" data-id=\"1959\" data-full-url=\"http:\/\/www.mvenzenkirchen.at\/cms\/wp-content\/uploads\/2020\/02\/mve-faschingskonzert-20-67-scaled.jpg\" data-link=\"http:\/\/www.mvenzenkirchen.at\/cms\/?attachment_id=1959\" class=\"wp-image-1959\" srcset=\"http:\/\/www.mvenzenkirchen.at\/cms\/wp-content\/uploads\/2020\/02\/mve-faschingskonzert-20-67-683x1024.jpg 683w, http:\/\/www.mvenzenkirchen.at\/cms\/wp-content\/uploads\/2020\/02\/mve-faschingskonzert-20-67-200x300.jpg 200w, http:\/\/www.mvenzenkirchen.at\/cms\/wp-content\/uploads\/2020\/02\/mve-faschingskonzert-20-67-768x1152.jpg 768w, http:\/\/www.mvenzenkirchen.at\/cms\/wp-content\/uploads\/2020\/02\/mve-faschingskonzert-20-67-1024x1536.jpg 1024w, http:\/\/www.mvenzenkirchen.at\/cms\/wp-content\/uploads\/2020\/02\/mve-faschingskonzert-20-67-1365x2048.jpg 1365w, http:\/\/www.mvenzenkirchen.at\/cms\/wp-content\/uploads\/2020\/02\/mve-faschingskonzert-20-67-scaled.jpg 1707w\" sizes=\"(max-width: 683px) 100vw, 683px\" \/><\/figure><\/li><li class=\"blocks-gallery-item\"><figure><img loading=\"lazy\" decoding=\"async\" width=\"1024\" height=\"683\" src=\"http:\/\/www.mvenzenkirchen.at\/cms\/wp-content\/uploads\/2020\/02\/mve-faschingskonzert-20-69-1024x683.jpg\" alt=\"\" data-id=\"1960\" data-full-url=\"http:\/\/www.mvenzenkirchen.at\/cms\/wp-content\/uploads\/2020\/02\/mve-faschingskonzert-20-69-scaled.jpg\" data-link=\"http:\/\/www.mvenzenkirchen.at\/cms\/?attachment_id=1960\" class=\"wp-image-1960\" srcset=\"http:\/\/www.mvenzenkirchen.at\/cms\/wp-content\/uploads\/2020\/02\/mve-faschingskonzert-20-69-1024x683.jpg 1024w, http:\/\/www.mvenzenkirchen.at\/cms\/wp-content\/uploads\/2020\/02\/mve-faschingskonzert-20-69-300x200.jpg 300w, http:\/\/www.mvenzenkirchen.at\/cms\/wp-content\/uploads\/2020\/02\/mve-faschingskonzert-20-69-768x512.jpg 768w, http:\/\/www.mvenzenkirchen.at\/cms\/wp-content\/uploads\/2020\/02\/mve-faschingskonzert-20-69-1536x1024.jpg 1536w, http:\/\/www.mvenzenkirchen.at\/cms\/wp-content\/uploads\/2020\/02\/mve-faschingskonzert-20-69-2048x1365.jpg 2048w\" sizes=\"(max-width: 1024px) 100vw, 1024px\" \/><\/figure><\/li><li class=\"blocks-gallery-item\"><figure><img loading=\"lazy\" decoding=\"async\" width=\"1024\" height=\"683\" src=\"http:\/\/www.mvenzenkirchen.at\/cms\/wp-content\/uploads\/2020\/02\/mve-faschingskonzert-20-71-1024x683.jpg\" alt=\"\" data-id=\"1961\" data-full-url=\"http:\/\/www.mvenzenkirchen.at\/cms\/wp-content\/uploads\/2020\/02\/mve-faschingskonzert-20-71-scaled.jpg\" data-link=\"http:\/\/www.mvenzenkirchen.at\/cms\/?attachment_id=1961\" class=\"wp-image-1961\" srcset=\"http:\/\/www.mvenzenkirchen.at\/cms\/wp-content\/uploads\/2020\/02\/mve-faschingskonzert-20-71-1024x683.jpg 1024w, http:\/\/www.mvenzenkirchen.at\/cms\/wp-content\/uploads\/2020\/02\/mve-faschingskonzert-20-71-300x200.jpg 300w, http:\/\/www.mvenzenkirchen.at\/cms\/wp-content\/uploads\/2020\/02\/mve-faschingskonzert-20-71-768x512.jpg 768w, http:\/\/www.mvenzenkirchen.at\/cms\/wp-content\/uploads\/2020\/02\/mve-faschingskonzert-20-71-1536x1024.jpg 1536w, http:\/\/www.mvenzenkirchen.at\/cms\/wp-content\/uploads\/2020\/02\/mve-faschingskonzert-20-71-2048x1365.jpg 2048w\" sizes=\"(max-width: 1024px) 100vw, 1024px\" \/><\/figure><\/li><\/ul><\/figure>\n","protected":false},"excerpt":{"rendered":"<p>Mit vielen lustigen Beitr\u00e4gen und entsprechender Verkleidung pr\u00e4sentierte sich unser Jungmusikernachwuchs beim Faschingskonzert [&hellip;]<\/p>\n","protected":false},"author":1,"featured_media":0,"comment_status":"closed","ping_status":"closed","sticky":false,"template":"","format":"standard","meta":{"footnotes":""},"categories":[1],"tags":[],"class_list":["post-1926","post","type-post","status-publish","format-standard","hentry","category-akutelles"],"_links":{"self":[{"href":"http:\/\/www.mvenzenkirchen.at\/cms\/wp-json\/wp\/v2\/posts\/1926","targetHints":{"allow":["GET"]}}],"collection":[{"href":"http:\/\/www.mvenzenkirchen.at\/cms\/wp-json\/wp\/v2\/posts"}],"about":[{"href":"http:\/\/www.mvenzenkirchen.at\/cms\/wp-json\/wp\/v2\/types\/post"}],"author":[{"embeddable":true,"href":"http:\/\/www.mvenzenkirchen.at\/cms\/wp-json\/wp\/v2\/users\/1"}],"replies":[{"embeddable":true,"href":"http:\/\/www.mvenzenkirchen.at\/cms\/wp-json\/wp\/v2\/comments?post=1926"}],"version-history":[{"count":2,"href":"http:\/\/www.mvenzenkirchen.at\/cms\/wp-json\/wp\/v2\/posts\/1926\/revisions"}],"predecessor-version":[{"id":1962,"href":"http:\/\/www.mvenzenkirchen.at\/cms\/wp-json\/wp\/v2\/posts\/1926\/revisions\/1962"}],"wp:attachment":[{"href":"http:\/\/www.mvenzenkirchen.at\/cms\/wp-json\/wp\/v2\/media?parent=1926"}],"wp:term":[{"taxonomy":"category","embeddable":true,"href":"http:\/\/www.mvenzenkirchen.at\/cms\/wp-json\/wp\/v2\/categories?post=1926"},{"taxonomy":"post_tag","embeddable":true,"href":"http:\/\/www.mvenzenkirchen.at\/cms\/wp-json\/wp\/v2\/tags?post=1926"}],"curies":[{"name":"wp","href":"https:\/\/api.w.org\/{rel}","templated":true}]}}