{"id":32,"date":"2014-07-07T11:23:58","date_gmt":"2014-07-07T09:23:58","guid":{"rendered":"http:\/\/mvenzenkirchen.at\/cms\/?p=32"},"modified":"2023-11-20T20:25:21","modified_gmt":"2023-11-20T18:25:21","slug":"marschwertung-mit-auszeichnung","status":"publish","type":"post","link":"http:\/\/www.mvenzenkirchen.at\/cms\/marschwertung-mit-auszeichnung\/","title":{"rendered":"Marschwertung mit Auszeichnung"},"content":{"rendered":"<p>Ferienbeginn bedeutet f\u00fcr die Musikkapellen des Blasmusikbezirkes Sch\u00e4rding auch jeweils Zeit f\u00fcr das Bezirksmusikfest, an dem jedes Jahr auch die Marschwertung abgehalten wird. Heuer fand dies in Taufkirchen an der Pram statt. Zum ersten Mal \u00fcbernahm heuer Patrick Schl\u00f6glmann das Kommando als Stabf\u00fchrer und probte mit uns den Wertungsablauf f\u00fcr die Leistungsstufe D. Mit dabei nicht weniger als 7 junge Musikerinnen und Musiker, die zum ersten Mal bei einer Marschwertung in unseren Reihen standen. So ist das Wertungsergebnis umso beachtlicher, denn mit genau 92 Punkten marschierten wir zum einem ausgezeichneten Erfolg. Wir d\u00fcrfen also nicht nur unseren jungen Deb\u00fctanten zu dieser tollen Leistung gratulieren, sondern vor allem auch unserem Stabf\u00fchrer Patrick. Er meisterte die Herausforderungen als Stabf\u00fchrer in den Proben und bei der Bewertung bestens, wof\u00fcr wir uns auch bedanken. Der Musikverein Enzenkirchen verabschiedet sich nun wie jedes Jahr in die verdiente Sommerpause.[juicebox gallery_id=&#8220;2&#8243;]<\/p>\n","protected":false},"excerpt":{"rendered":"<p>Ferienbeginn bedeutet f\u00fcr die Musikkapellen des Blasmusikbezirkes Sch\u00e4rding auch jeweils Zeit f\u00fcr das [&hellip;]<\/p>\n","protected":false},"author":1,"featured_media":0,"comment_status":"closed","ping_status":"closed","sticky":false,"template":"","format":"standard","meta":{"footnotes":""},"categories":[1],"tags":[],"class_list":["post-32","post","type-post","status-publish","format-standard","hentry","category-akutelles"],"_links":{"self":[{"href":"http:\/\/www.mvenzenkirchen.at\/cms\/wp-json\/wp\/v2\/posts\/32","targetHints":{"allow":["GET"]}}],"collection":[{"href":"http:\/\/www.mvenzenkirchen.at\/cms\/wp-json\/wp\/v2\/posts"}],"about":[{"href":"http:\/\/www.mvenzenkirchen.at\/cms\/wp-json\/wp\/v2\/types\/post"}],"author":[{"embeddable":true,"href":"http:\/\/www.mvenzenkirchen.at\/cms\/wp-json\/wp\/v2\/users\/1"}],"replies":[{"embeddable":true,"href":"http:\/\/www.mvenzenkirchen.at\/cms\/wp-json\/wp\/v2\/comments?post=32"}],"version-history":[{"count":7,"href":"http:\/\/www.mvenzenkirchen.at\/cms\/wp-json\/wp\/v2\/posts\/32\/revisions"}],"predecessor-version":[{"id":66,"href":"http:\/\/www.mvenzenkirchen.at\/cms\/wp-json\/wp\/v2\/posts\/32\/revisions\/66"}],"wp:attachment":[{"href":"http:\/\/www.mvenzenkirchen.at\/cms\/wp-json\/wp\/v2\/media?parent=32"}],"wp:term":[{"taxonomy":"category","embeddable":true,"href":"http:\/\/www.mvenzenkirchen.at\/cms\/wp-json\/wp\/v2\/categories?post=32"},{"taxonomy":"post_tag","embeddable":true,"href":"http:\/\/www.mvenzenkirchen.at\/cms\/wp-json\/wp\/v2\/tags?post=32"}],"curies":[{"name":"wp","href":"https:\/\/api.w.org\/{rel}","templated":true}]}}