{"id":3279,"date":"2022-09-11T15:31:57","date_gmt":"2022-09-11T13:31:57","guid":{"rendered":"http:\/\/www.mvenzenkirchen.at\/cms\/?p=3279"},"modified":"2022-09-11T15:31:58","modified_gmt":"2022-09-11T13:31:58","slug":"verleihung-der-jungmusikerleistungsabzeichen","status":"publish","type":"post","link":"http:\/\/www.mvenzenkirchen.at\/cms\/verleihung-der-jungmusikerleistungsabzeichen\/","title":{"rendered":"Verleihung der Jungmusikerleistungsabzeichen"},"content":{"rendered":"\n<p>Heute fand die Verleihung der Jungmusikerleistungsabzeichen statt. Die Abzeichen leuchten dieses Jahr in Bronze, Silber und Gold! Somit gratulieren wir folgenden Musiker*innen zu diesem Erfolg:<\/p>\n\n\n\n<ul class=\"wp-block-list\"><li>Bronze: Elena Lang (Querfl\u00f6te), Anja Sch\u00f6nbauer (Horn), Katharina Zauner (Querfl\u00f6te)<br><\/li><li>Silber: Matthias Gr\u00fcneis (Schlagwerk)<br><\/li><li>Gold: Patrick Scheiterbauer (Klarinette)<\/li><\/ul>\n\n\n\n<figure class=\"wp-block-image size-full\"><a href=\"http:\/\/www.mvenzenkirchen.at\/cms\/wp-content\/uploads\/2022\/09\/IMG-20220911-WA0000.jpg\"><img fetchpriority=\"high\" decoding=\"async\" width=\"1024\" height=\"768\" src=\"http:\/\/www.mvenzenkirchen.at\/cms\/wp-content\/uploads\/2022\/09\/IMG-20220911-WA0000.jpg\" alt=\"\" class=\"wp-image-3281\" srcset=\"http:\/\/www.mvenzenkirchen.at\/cms\/wp-content\/uploads\/2022\/09\/IMG-20220911-WA0000.jpg 1024w, http:\/\/www.mvenzenkirchen.at\/cms\/wp-content\/uploads\/2022\/09\/IMG-20220911-WA0000-300x225.jpg 300w, http:\/\/www.mvenzenkirchen.at\/cms\/wp-content\/uploads\/2022\/09\/IMG-20220911-WA0000-768x576.jpg 768w, http:\/\/www.mvenzenkirchen.at\/cms\/wp-content\/uploads\/2022\/09\/IMG-20220911-WA0000-800x600.jpg 800w\" sizes=\"(max-width: 1024px) 100vw, 1024px\" \/><\/a><figcaption>sitzend v.l.: Anja Sch\u00f6nbauer, Katharina Zauner, Matthias Gr\u00fcneis<br>stehend v.l.: Obmann Patrick Schl\u00f6glmann, Patrick Scheiterbauer<br>nicht am Foto: Elena Lang<\/figcaption><\/figure>\n","protected":false},"excerpt":{"rendered":"<p>Heute fand die Verleihung der Jungmusikerleistungsabzeichen statt. Die Abzeichen leuchten dieses Jahr in [&hellip;]<\/p>\n","protected":false},"author":3,"featured_media":0,"comment_status":"closed","ping_status":"closed","sticky":false,"template":"","format":"standard","meta":{"footnotes":""},"categories":[1],"tags":[],"class_list":["post-3279","post","type-post","status-publish","format-standard","hentry","category-akutelles"],"_links":{"self":[{"href":"http:\/\/www.mvenzenkirchen.at\/cms\/wp-json\/wp\/v2\/posts\/3279","targetHints":{"allow":["GET"]}}],"collection":[{"href":"http:\/\/www.mvenzenkirchen.at\/cms\/wp-json\/wp\/v2\/posts"}],"about":[{"href":"http:\/\/www.mvenzenkirchen.at\/cms\/wp-json\/wp\/v2\/types\/post"}],"author":[{"embeddable":true,"href":"http:\/\/www.mvenzenkirchen.at\/cms\/wp-json\/wp\/v2\/users\/3"}],"replies":[{"embeddable":true,"href":"http:\/\/www.mvenzenkirchen.at\/cms\/wp-json\/wp\/v2\/comments?post=3279"}],"version-history":[{"count":2,"href":"http:\/\/www.mvenzenkirchen.at\/cms\/wp-json\/wp\/v2\/posts\/3279\/revisions"}],"predecessor-version":[{"id":3283,"href":"http:\/\/www.mvenzenkirchen.at\/cms\/wp-json\/wp\/v2\/posts\/3279\/revisions\/3283"}],"wp:attachment":[{"href":"http:\/\/www.mvenzenkirchen.at\/cms\/wp-json\/wp\/v2\/media?parent=3279"}],"wp:term":[{"taxonomy":"category","embeddable":true,"href":"http:\/\/www.mvenzenkirchen.at\/cms\/wp-json\/wp\/v2\/categories?post=3279"},{"taxonomy":"post_tag","embeddable":true,"href":"http:\/\/www.mvenzenkirchen.at\/cms\/wp-json\/wp\/v2\/tags?post=3279"}],"curies":[{"name":"wp","href":"https:\/\/api.w.org\/{rel}","templated":true}]}}