{"id":4015,"date":"2023-07-17T19:49:16","date_gmt":"2023-07-17T17:49:16","guid":{"rendered":"http:\/\/www.mvenzenkirchen.at\/cms\/?p=4015"},"modified":"2023-07-17T19:49:16","modified_gmt":"2023-07-17T17:49:16","slug":"nachwuchs-fuer-maria-und-mario","status":"publish","type":"post","link":"http:\/\/www.mvenzenkirchen.at\/cms\/nachwuchs-fuer-maria-und-mario\/","title":{"rendered":"Nachwuchs f\u00fcr Maria und Mario"},"content":{"rendered":"<p>Am 16.7. wurden unsere Klarinettistin Maria und ihr Mario zum dritten Mal Eltern. PAUL mischt ab jetzt den M\u00e4delshaushalt ordentlich auf und wird mit seinen beiden gro\u00dfen Schwestern f\u00fcr viele sch\u00f6ne Momente sorgen. Der Storch machte sich gestern Abend noch auf den Weg und wurde vom frischgebackenen Jungspapa und seinen Schwestern empfangen.<\/p>\n<p>Wir gratulieren Maria, Mario sowie Ida und Anna zur Geburt und w\u00fcnschen PAUL alles Gl\u00fcck dieser Welt!<\/p>\n<p><a href=\"http:\/\/www.mvenzenkirchen.at\/cms\/wp-content\/uploads\/2023\/07\/IMG-20230716-WA0019.jpg\"><img fetchpriority=\"high\" decoding=\"async\" class=\"aligncenter wp-image-4012 size-full\" src=\"http:\/\/www.mvenzenkirchen.at\/cms\/wp-content\/uploads\/2023\/07\/IMG-20230716-WA0019-e1689615795115.jpg\" alt=\"\" width=\"1728\" height=\"1218\" srcset=\"http:\/\/www.mvenzenkirchen.at\/cms\/wp-content\/uploads\/2023\/07\/IMG-20230716-WA0019-e1689615795115.jpg 1728w, http:\/\/www.mvenzenkirchen.at\/cms\/wp-content\/uploads\/2023\/07\/IMG-20230716-WA0019-e1689615795115-300x211.jpg 300w, http:\/\/www.mvenzenkirchen.at\/cms\/wp-content\/uploads\/2023\/07\/IMG-20230716-WA0019-e1689615795115-1024x722.jpg 1024w, http:\/\/www.mvenzenkirchen.at\/cms\/wp-content\/uploads\/2023\/07\/IMG-20230716-WA0019-e1689615795115-768x541.jpg 768w, http:\/\/www.mvenzenkirchen.at\/cms\/wp-content\/uploads\/2023\/07\/IMG-20230716-WA0019-e1689615795115-1536x1083.jpg 1536w\" sizes=\"(max-width: 1728px) 100vw, 1728px\" \/><\/a><\/p>\n<p><a href=\"http:\/\/www.mvenzenkirchen.at\/cms\/wp-content\/uploads\/2023\/07\/IMG-20230716-WA0022.jpg\"><img decoding=\"async\" class=\"alignnone size-full wp-image-4011\" src=\"http:\/\/www.mvenzenkirchen.at\/cms\/wp-content\/uploads\/2023\/07\/IMG-20230716-WA0022.jpg\" alt=\"\" width=\"1600\" height=\"1200\" srcset=\"http:\/\/www.mvenzenkirchen.at\/cms\/wp-content\/uploads\/2023\/07\/IMG-20230716-WA0022.jpg 1600w, http:\/\/www.mvenzenkirchen.at\/cms\/wp-content\/uploads\/2023\/07\/IMG-20230716-WA0022-300x225.jpg 300w, http:\/\/www.mvenzenkirchen.at\/cms\/wp-content\/uploads\/2023\/07\/IMG-20230716-WA0022-1024x768.jpg 1024w, http:\/\/www.mvenzenkirchen.at\/cms\/wp-content\/uploads\/2023\/07\/IMG-20230716-WA0022-768x576.jpg 768w, http:\/\/www.mvenzenkirchen.at\/cms\/wp-content\/uploads\/2023\/07\/IMG-20230716-WA0022-1536x1152.jpg 1536w\" sizes=\"(max-width: 1600px) 100vw, 1600px\" \/><\/a><\/p>\n","protected":false},"excerpt":{"rendered":"<p>Am 16.7. wurden unsere Klarinettistin Maria und ihr Mario zum dritten Mal Eltern. [&hellip;]<\/p>\n","protected":false},"author":3,"featured_media":0,"comment_status":"closed","ping_status":"closed","sticky":false,"template":"","format":"standard","meta":{"footnotes":""},"categories":[1],"tags":[],"class_list":["post-4015","post","type-post","status-publish","format-standard","hentry","category-akutelles"],"_links":{"self":[{"href":"http:\/\/www.mvenzenkirchen.at\/cms\/wp-json\/wp\/v2\/posts\/4015","targetHints":{"allow":["GET"]}}],"collection":[{"href":"http:\/\/www.mvenzenkirchen.at\/cms\/wp-json\/wp\/v2\/posts"}],"about":[{"href":"http:\/\/www.mvenzenkirchen.at\/cms\/wp-json\/wp\/v2\/types\/post"}],"author":[{"embeddable":true,"href":"http:\/\/www.mvenzenkirchen.at\/cms\/wp-json\/wp\/v2\/users\/3"}],"replies":[{"embeddable":true,"href":"http:\/\/www.mvenzenkirchen.at\/cms\/wp-json\/wp\/v2\/comments?post=4015"}],"version-history":[{"count":5,"href":"http:\/\/www.mvenzenkirchen.at\/cms\/wp-json\/wp\/v2\/posts\/4015\/revisions"}],"predecessor-version":[{"id":4021,"href":"http:\/\/www.mvenzenkirchen.at\/cms\/wp-json\/wp\/v2\/posts\/4015\/revisions\/4021"}],"wp:attachment":[{"href":"http:\/\/www.mvenzenkirchen.at\/cms\/wp-json\/wp\/v2\/media?parent=4015"}],"wp:term":[{"taxonomy":"category","embeddable":true,"href":"http:\/\/www.mvenzenkirchen.at\/cms\/wp-json\/wp\/v2\/categories?post=4015"},{"taxonomy":"post_tag","embeddable":true,"href":"http:\/\/www.mvenzenkirchen.at\/cms\/wp-json\/wp\/v2\/tags?post=4015"}],"curies":[{"name":"wp","href":"https:\/\/api.w.org\/{rel}","templated":true}]}}