{"id":5075,"date":"2024-09-18T21:15:02","date_gmt":"2024-09-18T19:15:02","guid":{"rendered":"http:\/\/www.mvenzenkirchen.at\/cms\/?p=5075"},"modified":"2024-12-30T21:37:14","modified_gmt":"2024-12-30T19:37:14","slug":"klaus-hoepfler-mit-windobona-beim-musikwettbewerb-der-ard","status":"publish","type":"post","link":"http:\/\/www.mvenzenkirchen.at\/cms\/klaus-hoepfler-mit-windobona-beim-musikwettbewerb-der-ard\/","title":{"rendered":"Klaus H\u00f6pfler mit &#8222;Windobona&#8220; beim Musikwettbewerb der ARD"},"content":{"rendered":"<p>Unser Hornist Klaus H\u00f6pfler durfte mit dem Bl\u00e4serquintett &#8222;Windobona&#8220; beim Musikwettbewerb der ARD &#8211; einem der gr\u00f6\u00dften internationalen Wettbewerbe f\u00fcr klassische Musik &#8211; teilnehmen. Als Generalprobe nutze das Quintett die R\u00e4umlichkeiten der LMS Raab und somit wurden die St\u00fccke der ersten und zweiten Runde am 30. August in unserer Nachbargemeinde aufgef\u00fchrt. Nat\u00fcrlich waren unter dem Publikum auch Musikerinnen und Musiker des MVE und h\u00f6rten den wundervollen Kl\u00e4ngen des Quintetts zu.<\/p>\n<p>Nur 19 Bl\u00e4serquintetts aus der ganzen Welt durften bei diesem Musikwettbewerb antreten. Die Konkurrenz und das Niveau dieses Wettbewerbes ist enorm! (Wer sich selbst davon \u00fcberzeugen m\u00f6chte, schaut gerne bei Youtube auf dem Kanal &#8222;WDR Klassik &#8218;LIVE'&#8220; vorbei.) Umso stolzer sind wir auf unseren Hornisten Klaus, der mit Windobona bei diesem internationalen Wettbewerb in M\u00fcnchen an der ersten Runde teilnehmen durfte.<\/p>\n<p>Wir w\u00fcnschen dem Bl\u00e4serquintett Windobona weiterhin ganz viel Erfolg und dass sie auch in Zukunft viele Menschen mit ihrer Musik begeistern k\u00f6nnen!<\/p>\n\n<div class=\"wp-block-image\">\n<figure class=\"aligncenter size-large is-resized\"><a href=\"http:\/\/www.mvenzenkirchen.at\/cms\/wp-content\/uploads\/2024\/09\/IMG-20240918-WA0000-1.jpg\"><img decoding=\"async\" src=\"http:\/\/www.mvenzenkirchen.at\/cms\/wp-content\/uploads\/2024\/09\/IMG-20240918-WA0000-1-732x1024.jpg\" alt=\"\" class=\"wp-image-5078\" style=\"width:330px;height:auto\"\/><\/a><figcaption class=\"wp-element-caption\">Foto: Hannah Friedl<\/figcaption><\/figure>\n<\/div>\n\n\n<p><\/p>\n","protected":false},"excerpt":{"rendered":"<p>Unser Hornist Klaus H\u00f6pfler durfte mit dem Bl\u00e4serquintett &#8222;Windobona&#8220; beim Musikwettbewerb der ARD [&hellip;]<\/p>\n","protected":false},"author":3,"featured_media":5077,"comment_status":"closed","ping_status":"closed","sticky":false,"template":"","format":"standard","meta":{"footnotes":""},"categories":[1],"tags":[],"class_list":["post-5075","post","type-post","status-publish","format-standard","has-post-thumbnail","hentry","category-akutelles"],"_links":{"self":[{"href":"http:\/\/www.mvenzenkirchen.at\/cms\/wp-json\/wp\/v2\/posts\/5075","targetHints":{"allow":["GET"]}}],"collection":[{"href":"http:\/\/www.mvenzenkirchen.at\/cms\/wp-json\/wp\/v2\/posts"}],"about":[{"href":"http:\/\/www.mvenzenkirchen.at\/cms\/wp-json\/wp\/v2\/types\/post"}],"author":[{"embeddable":true,"href":"http:\/\/www.mvenzenkirchen.at\/cms\/wp-json\/wp\/v2\/users\/3"}],"replies":[{"embeddable":true,"href":"http:\/\/www.mvenzenkirchen.at\/cms\/wp-json\/wp\/v2\/comments?post=5075"}],"version-history":[{"count":5,"href":"http:\/\/www.mvenzenkirchen.at\/cms\/wp-json\/wp\/v2\/posts\/5075\/revisions"}],"predecessor-version":[{"id":5083,"href":"http:\/\/www.mvenzenkirchen.at\/cms\/wp-json\/wp\/v2\/posts\/5075\/revisions\/5083"}],"wp:featuredmedia":[{"embeddable":true,"href":"http:\/\/www.mvenzenkirchen.at\/cms\/wp-json\/wp\/v2\/media\/5077"}],"wp:attachment":[{"href":"http:\/\/www.mvenzenkirchen.at\/cms\/wp-json\/wp\/v2\/media?parent=5075"}],"wp:term":[{"taxonomy":"category","embeddable":true,"href":"http:\/\/www.mvenzenkirchen.at\/cms\/wp-json\/wp\/v2\/categories?post=5075"},{"taxonomy":"post_tag","embeddable":true,"href":"http:\/\/www.mvenzenkirchen.at\/cms\/wp-json\/wp\/v2\/tags?post=5075"}],"curies":[{"name":"wp","href":"https:\/\/api.w.org\/{rel}","templated":true}]}}