{"id":6501,"date":"2025-09-25T18:38:32","date_gmt":"2025-09-25T16:38:32","guid":{"rendered":"http:\/\/www.mvenzenkirchen.at\/cms\/?p=6501"},"modified":"2025-09-25T19:09:06","modified_gmt":"2025-09-25T17:09:06","slug":"verleihung-der-jungmusikerleistungsabzeichen-der-ebo-nadel","status":"publish","type":"post","link":"http:\/\/www.mvenzenkirchen.at\/cms\/verleihung-der-jungmusikerleistungsabzeichen-der-ebo-nadel\/","title":{"rendered":"Verleihung der Jungmusikerleistungsabzeichen &#038; der EBO Nadel"},"content":{"rendered":"<p>Vergangenen Sonntag fand die allj\u00e4hrliche Verleihung der Abzeichen in Riedau statt. Um die Ehrungen vorzunehmen waren auch zahlreiche Ehreng\u00e4ste anwesend: Nationalratsabgeordneter August W\u00f6ginger, Direktor der Landesmusikschule Andorf Gerald Karl, Bezirksobm\u00e4nner Christoph Sauer und Roman Seidl und Bezirkskapellmeisterin Dorothea Reitinger. Zwei Musikerinnen und ein Musiker haben sich im letzten Schuljahr auf das bronzene bzw. silberne Leistungsabzeichen vorbereitet und mit Bravour bestanden. Bei der Verleihung wurden die drei von Obmann Patrick Schl\u00f6glmann, Kapellmeister Johann Oberauer und dem Jugendreferat Patrick Scheiterbauer und Astrid Kleinp\u00f6tzl begleitet.<\/p>\n<p>Wir gratulieren Carolina Wimmer (Querfl\u00f6te) &amp; Emil Traunwieser (Schlagwerk) zum Abzeichen in Bronze und Emma K\u00f6nig (Fagott) zum Abzeichen in Silber. Wir sind stolz auf eure Leistungen und w\u00fcnschen euch weiterhin viel Freude mit der Musik und alles Gute auf eurem weiteren musikalischen Weg!<\/p>\n<p>Besonders freut es uns, dass heuer die EBO (=Ensembleleitung Blasorchester) Nadel in Silber an Astrid Kleinp\u00f6tzl verliehen wurde. Diese dient als Zeichen f\u00fcr die vierj\u00e4hrige Kapellmeisterausbildung, die nun die Halbzeit erreicht hat. Gratulation zu dieser Leistung und viel Erfolg f\u00fcr die n\u00e4chste Zeit der Ausbildung!<\/p>\n<p><a href=\"http:\/\/www.mvenzenkirchen.at\/cms\/wp-content\/uploads\/2025\/09\/csm_DSC_0181_02_8a2c736a13.jpg\"><img fetchpriority=\"high\" decoding=\"async\" class=\" wp-image-6502 aligncenter\" src=\"http:\/\/www.mvenzenkirchen.at\/cms\/wp-content\/uploads\/2025\/09\/csm_DSC_0181_02_8a2c736a13.jpg\" alt=\"\" width=\"536\" height=\"357\" srcset=\"http:\/\/www.mvenzenkirchen.at\/cms\/wp-content\/uploads\/2025\/09\/csm_DSC_0181_02_8a2c736a13.jpg 1920w, http:\/\/www.mvenzenkirchen.at\/cms\/wp-content\/uploads\/2025\/09\/csm_DSC_0181_02_8a2c736a13-300x200.jpg 300w, http:\/\/www.mvenzenkirchen.at\/cms\/wp-content\/uploads\/2025\/09\/csm_DSC_0181_02_8a2c736a13-1024x683.jpg 1024w, http:\/\/www.mvenzenkirchen.at\/cms\/wp-content\/uploads\/2025\/09\/csm_DSC_0181_02_8a2c736a13-768x512.jpg 768w, http:\/\/www.mvenzenkirchen.at\/cms\/wp-content\/uploads\/2025\/09\/csm_DSC_0181_02_8a2c736a13-1536x1024.jpg 1536w, http:\/\/www.mvenzenkirchen.at\/cms\/wp-content\/uploads\/2025\/09\/csm_DSC_0181_02_8a2c736a13-272x182.jpg 272w\" sizes=\"(max-width: 536px) 100vw, 536px\" \/><\/a><\/p>\n","protected":false},"excerpt":{"rendered":"<p>Vergangenen Sonntag fand die allj\u00e4hrliche Verleihung der Abzeichen in Riedau statt. Um die [&hellip;]<\/p>\n","protected":false},"author":3,"featured_media":6502,"comment_status":"closed","ping_status":"closed","sticky":false,"template":"","format":"standard","meta":{"footnotes":""},"categories":[1],"tags":[],"class_list":["post-6501","post","type-post","status-publish","format-standard","has-post-thumbnail","hentry","category-akutelles"],"_links":{"self":[{"href":"http:\/\/www.mvenzenkirchen.at\/cms\/wp-json\/wp\/v2\/posts\/6501","targetHints":{"allow":["GET"]}}],"collection":[{"href":"http:\/\/www.mvenzenkirchen.at\/cms\/wp-json\/wp\/v2\/posts"}],"about":[{"href":"http:\/\/www.mvenzenkirchen.at\/cms\/wp-json\/wp\/v2\/types\/post"}],"author":[{"embeddable":true,"href":"http:\/\/www.mvenzenkirchen.at\/cms\/wp-json\/wp\/v2\/users\/3"}],"replies":[{"embeddable":true,"href":"http:\/\/www.mvenzenkirchen.at\/cms\/wp-json\/wp\/v2\/comments?post=6501"}],"version-history":[{"count":2,"href":"http:\/\/www.mvenzenkirchen.at\/cms\/wp-json\/wp\/v2\/posts\/6501\/revisions"}],"predecessor-version":[{"id":6504,"href":"http:\/\/www.mvenzenkirchen.at\/cms\/wp-json\/wp\/v2\/posts\/6501\/revisions\/6504"}],"wp:featuredmedia":[{"embeddable":true,"href":"http:\/\/www.mvenzenkirchen.at\/cms\/wp-json\/wp\/v2\/media\/6502"}],"wp:attachment":[{"href":"http:\/\/www.mvenzenkirchen.at\/cms\/wp-json\/wp\/v2\/media?parent=6501"}],"wp:term":[{"taxonomy":"category","embeddable":true,"href":"http:\/\/www.mvenzenkirchen.at\/cms\/wp-json\/wp\/v2\/categories?post=6501"},{"taxonomy":"post_tag","embeddable":true,"href":"http:\/\/www.mvenzenkirchen.at\/cms\/wp-json\/wp\/v2\/tags?post=6501"}],"curies":[{"name":"wp","href":"https:\/\/api.w.org\/{rel}","templated":true}]}}