{"id":6733,"date":"2025-10-25T19:49:09","date_gmt":"2025-10-25T17:49:09","guid":{"rendered":"http:\/\/www.mvenzenkirchen.at\/cms\/?p=6733"},"modified":"2025-10-25T19:50:20","modified_gmt":"2025-10-25T17:50:20","slug":"hochzeit-vanessa-markus-huber","status":"publish","type":"post","link":"http:\/\/www.mvenzenkirchen.at\/cms\/hochzeit-vanessa-markus-huber\/","title":{"rendered":"Hochzeit Vanessa &#038; Markus Huber"},"content":{"rendered":"<p>Unsere erste Musihochzeit des Jahres f\u00fchrte uns am 21. Juni nach Traunkirchen, wo wir gemeinsam mit unserer Oboistin Vanessa und Markus ihren gro\u00dfen Tag feiern durften. Das Besondere an dieser Hochzeit: Die Eltern, der Bruder und der Opa von Vanessa sind Teil unseres Vereins.<\/p>\n<p><strong>Zwei Musiker &#8211; zwei Musikvereine &#8211; eine Liebe\u00a0<\/strong><br \/>Gemeinsam mit dem Musikverein Engelhartszell begr\u00fc\u00dften wir die Hochzeitsg\u00e4ste mit M\u00e4rschen vor der Kirche. Als ein Orchester begleiteten wir die kirchliche Trauung mit zwei Musikst\u00fccken und empfingen das frischverm\u00e4hlte Brautpaar nach dem Auszug aus der Kirche.<br \/>Anschlie\u00dfend ging es weiter zum Feldbauernhof in Steinbach am Attersee und untermalten dort die Agape und den Nachmittag mit Unterhaltungsmusik. Als es Zeit f\u00fcr das Brautstehlen war, entf\u00fchrte &#8211; wie es sich geh\u00f6rt &#8211; ein Musiker die Braut. Mit Otto an der Quetschn wurde es eine besonders gesellige und lustige Zeit.<\/p>\n<p>Liebe Vanessa, lieber Markus,<br \/>danke, dass ihr euren sch\u00f6nsten Tag zusammen mit uns gefeiert habt.<br \/>Alles Gute f\u00fcr euren gemeinsamen Weg und dass eure beiden Musikantenherzen ein Leben lang im selben Takt schlagen!<\/p>\n\n<div id=\"metaslider-id-6735\" style=\"width: 100%;\" class=\"ml-slider-3-107-0 metaslider metaslider-flex metaslider-6735 ml-slider ms-theme-default-base nav-hidden\" role=\"region\" aria-label=\"Hochzeit Vanessa &amp; Markus\" data-height=\"300\" data-width=\"700\">\n    <div id=\"metaslider_container_6735\">\n        <div id=\"metaslider_6735\">\n            <ul class='slides'>\n                <li style=\"display: block; width: 100%;\" class=\"slide-6808 ms-image \" aria-roledescription=\"slide\" data-date=\"2025-10-25 19:27:50\" data-filename=\"Vanessa_Markus_Hochzeit-103-scaled.jpg\" data-slide-type=\"image\"><img fetchpriority=\"high\" decoding=\"async\" width=\"1707\" height=\"2560\" src=\"http:\/\/www.mvenzenkirchen.at\/cms\/wp-content\/uploads\/2025\/10\/Vanessa_Markus_Hochzeit-103-scaled.jpg\" class=\"slider-6735 slide-6808 msDefaultImage\" alt=\"\" rel=\"\" title=\"\" style=\"margin: 0 auto; width: 28.5770089286%\" srcset=\"http:\/\/www.mvenzenkirchen.at\/cms\/wp-content\/uploads\/2025\/10\/Vanessa_Markus_Hochzeit-103-scaled.jpg 1707w, http:\/\/www.mvenzenkirchen.at\/cms\/wp-content\/uploads\/2025\/10\/Vanessa_Markus_Hochzeit-103-200x300.jpg 200w, http:\/\/www.mvenzenkirchen.at\/cms\/wp-content\/uploads\/2025\/10\/Vanessa_Markus_Hochzeit-103-683x1024.jpg 683w, http:\/\/www.mvenzenkirchen.at\/cms\/wp-content\/uploads\/2025\/10\/Vanessa_Markus_Hochzeit-103-768x1152.jpg 768w, http:\/\/www.mvenzenkirchen.at\/cms\/wp-content\/uploads\/2025\/10\/Vanessa_Markus_Hochzeit-103-1024x1536.jpg 1024w, http:\/\/www.mvenzenkirchen.at\/cms\/wp-content\/uploads\/2025\/10\/Vanessa_Markus_Hochzeit-103-1365x2048.jpg 1365w\" sizes=\"(max-width: 1707px) 100vw, 1707px\" \/><div class=\"caption-wrap\"><div class=\"caption\">\u00a9die belichterei<\/div><\/div><\/li>\n                <li style=\"display: none; width: 100%;\" class=\"slide-6809 ms-image \" aria-roledescription=\"slide\" data-date=\"2025-10-25 19:27:50\" data-filename=\"Vanessa_Markus_Hochzeit-200-scaled.jpg\" data-slide-type=\"image\"><img decoding=\"async\" width=\"1707\" height=\"2560\" src=\"http:\/\/www.mvenzenkirchen.at\/cms\/wp-content\/uploads\/2025\/10\/Vanessa_Markus_Hochzeit-200-scaled.jpg\" class=\"slider-6735 slide-6809 msDefaultImage\" alt=\"\" rel=\"\" title=\"\" style=\"margin: 0 auto; width: 28.5770089286%\" srcset=\"http:\/\/www.mvenzenkirchen.at\/cms\/wp-content\/uploads\/2025\/10\/Vanessa_Markus_Hochzeit-200-scaled.jpg 1707w, http:\/\/www.mvenzenkirchen.at\/cms\/wp-content\/uploads\/2025\/10\/Vanessa_Markus_Hochzeit-200-200x300.jpg 200w, http:\/\/www.mvenzenkirchen.at\/cms\/wp-content\/uploads\/2025\/10\/Vanessa_Markus_Hochzeit-200-683x1024.jpg 683w, http:\/\/www.mvenzenkirchen.at\/cms\/wp-content\/uploads\/2025\/10\/Vanessa_Markus_Hochzeit-200-768x1152.jpg 768w, http:\/\/www.mvenzenkirchen.at\/cms\/wp-content\/uploads\/2025\/10\/Vanessa_Markus_Hochzeit-200-1024x1536.jpg 1024w, http:\/\/www.mvenzenkirchen.at\/cms\/wp-content\/uploads\/2025\/10\/Vanessa_Markus_Hochzeit-200-1365x2048.jpg 1365w\" sizes=\"(max-width: 1707px) 100vw, 1707px\" \/><div class=\"caption-wrap\"><div class=\"caption\">\u00a9die belichterei<\/div><\/div><\/li>\n                <li style=\"display: none; width: 100%;\" class=\"slide-6794 ms-image \" aria-roledescription=\"slide\" data-date=\"2025-10-25 19:27:50\" data-filename=\"20250621_103305_2-scaled.jpg\" data-slide-type=\"image\"><img decoding=\"async\" width=\"1707\" height=\"2560\" src=\"http:\/\/www.mvenzenkirchen.at\/cms\/wp-content\/uploads\/2025\/10\/20250621_103305_2-scaled.jpg\" class=\"slider-6735 slide-6794 msDefaultImage\" alt=\"\" rel=\"\" title=\"\" style=\"margin: 0 auto; width: 28.5770089286%\" srcset=\"http:\/\/www.mvenzenkirchen.at\/cms\/wp-content\/uploads\/2025\/10\/20250621_103305_2-scaled.jpg 1707w, http:\/\/www.mvenzenkirchen.at\/cms\/wp-content\/uploads\/2025\/10\/20250621_103305_2-200x300.jpg 200w, http:\/\/www.mvenzenkirchen.at\/cms\/wp-content\/uploads\/2025\/10\/20250621_103305_2-683x1024.jpg 683w, http:\/\/www.mvenzenkirchen.at\/cms\/wp-content\/uploads\/2025\/10\/20250621_103305_2-768x1152.jpg 768w, http:\/\/www.mvenzenkirchen.at\/cms\/wp-content\/uploads\/2025\/10\/20250621_103305_2-1024x1536.jpg 1024w, http:\/\/www.mvenzenkirchen.at\/cms\/wp-content\/uploads\/2025\/10\/20250621_103305_2-1365x2048.jpg 1365w\" sizes=\"(max-width: 1707px) 100vw, 1707px\" \/><\/li>\n                <li style=\"display: none; width: 100%;\" class=\"slide-6795 ms-image \" aria-roledescription=\"slide\" data-date=\"2025-10-25 19:27:50\" data-filename=\"20250621_120237-scaled.jpg\" data-slide-type=\"image\"><img loading=\"lazy\" decoding=\"async\" width=\"1707\" height=\"2560\" src=\"http:\/\/www.mvenzenkirchen.at\/cms\/wp-content\/uploads\/2025\/10\/20250621_120237-scaled.jpg\" class=\"slider-6735 slide-6795 msDefaultImage\" alt=\"\" rel=\"\" title=\"\" style=\"margin: 0 auto; width: 28.5770089286%\" srcset=\"http:\/\/www.mvenzenkirchen.at\/cms\/wp-content\/uploads\/2025\/10\/20250621_120237-scaled.jpg 1707w, http:\/\/www.mvenzenkirchen.at\/cms\/wp-content\/uploads\/2025\/10\/20250621_120237-200x300.jpg 200w, http:\/\/www.mvenzenkirchen.at\/cms\/wp-content\/uploads\/2025\/10\/20250621_120237-683x1024.jpg 683w, http:\/\/www.mvenzenkirchen.at\/cms\/wp-content\/uploads\/2025\/10\/20250621_120237-768x1152.jpg 768w, http:\/\/www.mvenzenkirchen.at\/cms\/wp-content\/uploads\/2025\/10\/20250621_120237-1024x1536.jpg 1024w, http:\/\/www.mvenzenkirchen.at\/cms\/wp-content\/uploads\/2025\/10\/20250621_120237-1365x2048.jpg 1365w\" sizes=\"(max-width: 1707px) 100vw, 1707px\" \/><\/li>\n                <li style=\"display: none; width: 100%;\" class=\"slide-6810 ms-image \" aria-roledescription=\"slide\" data-date=\"2025-10-25 19:27:50\" data-filename=\"Vanessa_Markus_Hochzeit-287-scaled.jpg\" data-slide-type=\"image\"><img loading=\"lazy\" decoding=\"async\" width=\"2560\" height=\"1707\" src=\"http:\/\/www.mvenzenkirchen.at\/cms\/wp-content\/uploads\/2025\/10\/Vanessa_Markus_Hochzeit-287-scaled.jpg\" class=\"slider-6735 slide-6810 msDefaultImage\" alt=\"\" rel=\"\" title=\"\" style=\"margin: 0 auto; width: 64.273160934%\" srcset=\"http:\/\/www.mvenzenkirchen.at\/cms\/wp-content\/uploads\/2025\/10\/Vanessa_Markus_Hochzeit-287-scaled.jpg 2560w, http:\/\/www.mvenzenkirchen.at\/cms\/wp-content\/uploads\/2025\/10\/Vanessa_Markus_Hochzeit-287-300x200.jpg 300w, http:\/\/www.mvenzenkirchen.at\/cms\/wp-content\/uploads\/2025\/10\/Vanessa_Markus_Hochzeit-287-1024x683.jpg 1024w, http:\/\/www.mvenzenkirchen.at\/cms\/wp-content\/uploads\/2025\/10\/Vanessa_Markus_Hochzeit-287-768x512.jpg 768w, http:\/\/www.mvenzenkirchen.at\/cms\/wp-content\/uploads\/2025\/10\/Vanessa_Markus_Hochzeit-287-1536x1024.jpg 1536w, http:\/\/www.mvenzenkirchen.at\/cms\/wp-content\/uploads\/2025\/10\/Vanessa_Markus_Hochzeit-287-2048x1365.jpg 2048w, http:\/\/www.mvenzenkirchen.at\/cms\/wp-content\/uploads\/2025\/10\/Vanessa_Markus_Hochzeit-287-272x182.jpg 272w\" sizes=\"(max-width: 2560px) 100vw, 2560px\" \/><div class=\"caption-wrap\"><div class=\"caption\">\u00a9die belichterei<\/div><\/div><\/li>\n                <li style=\"display: none; width: 100%;\" class=\"slide-6811 ms-image \" aria-roledescription=\"slide\" data-date=\"2025-10-25 19:27:50\" data-filename=\"Vanessa_Markus_Hochzeit-288-scaled.jpg\" data-slide-type=\"image\"><img loading=\"lazy\" decoding=\"async\" width=\"1707\" height=\"2560\" src=\"http:\/\/www.mvenzenkirchen.at\/cms\/wp-content\/uploads\/2025\/10\/Vanessa_Markus_Hochzeit-288-scaled.jpg\" class=\"slider-6735 slide-6811 msDefaultImage\" alt=\"\" rel=\"\" title=\"\" style=\"margin: 0 auto; width: 28.5770089286%\" srcset=\"http:\/\/www.mvenzenkirchen.at\/cms\/wp-content\/uploads\/2025\/10\/Vanessa_Markus_Hochzeit-288-scaled.jpg 1707w, http:\/\/www.mvenzenkirchen.at\/cms\/wp-content\/uploads\/2025\/10\/Vanessa_Markus_Hochzeit-288-200x300.jpg 200w, http:\/\/www.mvenzenkirchen.at\/cms\/wp-content\/uploads\/2025\/10\/Vanessa_Markus_Hochzeit-288-683x1024.jpg 683w, http:\/\/www.mvenzenkirchen.at\/cms\/wp-content\/uploads\/2025\/10\/Vanessa_Markus_Hochzeit-288-768x1152.jpg 768w, http:\/\/www.mvenzenkirchen.at\/cms\/wp-content\/uploads\/2025\/10\/Vanessa_Markus_Hochzeit-288-1024x1536.jpg 1024w, http:\/\/www.mvenzenkirchen.at\/cms\/wp-content\/uploads\/2025\/10\/Vanessa_Markus_Hochzeit-288-1365x2048.jpg 1365w\" sizes=\"(max-width: 1707px) 100vw, 1707px\" \/><div class=\"caption-wrap\"><div class=\"caption\">\u00a9die belichterei<\/div><\/div><\/li>\n                <li style=\"display: none; width: 100%;\" class=\"slide-6813 ms-image \" aria-roledescription=\"slide\" data-date=\"2025-10-25 19:27:51\" data-filename=\"Vanessa_Markus_Hochzeit-305-scaled.jpg\" data-slide-type=\"image\"><img loading=\"lazy\" decoding=\"async\" width=\"2560\" height=\"1707\" src=\"http:\/\/www.mvenzenkirchen.at\/cms\/wp-content\/uploads\/2025\/10\/Vanessa_Markus_Hochzeit-305-scaled.jpg\" class=\"slider-6735 slide-6813 msDefaultImage\" alt=\"\" rel=\"\" title=\"\" style=\"margin: 0 auto; width: 64.273160934%\" srcset=\"http:\/\/www.mvenzenkirchen.at\/cms\/wp-content\/uploads\/2025\/10\/Vanessa_Markus_Hochzeit-305-scaled.jpg 2560w, http:\/\/www.mvenzenkirchen.at\/cms\/wp-content\/uploads\/2025\/10\/Vanessa_Markus_Hochzeit-305-300x200.jpg 300w, http:\/\/www.mvenzenkirchen.at\/cms\/wp-content\/uploads\/2025\/10\/Vanessa_Markus_Hochzeit-305-1024x683.jpg 1024w, http:\/\/www.mvenzenkirchen.at\/cms\/wp-content\/uploads\/2025\/10\/Vanessa_Markus_Hochzeit-305-768x512.jpg 768w, http:\/\/www.mvenzenkirchen.at\/cms\/wp-content\/uploads\/2025\/10\/Vanessa_Markus_Hochzeit-305-1536x1024.jpg 1536w, http:\/\/www.mvenzenkirchen.at\/cms\/wp-content\/uploads\/2025\/10\/Vanessa_Markus_Hochzeit-305-2048x1365.jpg 2048w, http:\/\/www.mvenzenkirchen.at\/cms\/wp-content\/uploads\/2025\/10\/Vanessa_Markus_Hochzeit-305-272x182.jpg 272w\" sizes=\"(max-width: 2560px) 100vw, 2560px\" \/><div class=\"caption-wrap\"><div class=\"caption\">\u00a9die belichterei<\/div><\/div><\/li>\n                <li style=\"display: none; width: 100%;\" class=\"slide-6812 ms-image \" aria-roledescription=\"slide\" data-date=\"2025-10-25 19:27:50\" data-filename=\"Vanessa_Markus_Hochzeit-292-scaled.jpg\" data-slide-type=\"image\"><img loading=\"lazy\" decoding=\"async\" width=\"1707\" height=\"2560\" src=\"http:\/\/www.mvenzenkirchen.at\/cms\/wp-content\/uploads\/2025\/10\/Vanessa_Markus_Hochzeit-292-scaled.jpg\" class=\"slider-6735 slide-6812 msDefaultImage\" alt=\"\" rel=\"\" title=\"\" style=\"margin: 0 auto; width: 28.5770089286%\" srcset=\"http:\/\/www.mvenzenkirchen.at\/cms\/wp-content\/uploads\/2025\/10\/Vanessa_Markus_Hochzeit-292-scaled.jpg 1707w, http:\/\/www.mvenzenkirchen.at\/cms\/wp-content\/uploads\/2025\/10\/Vanessa_Markus_Hochzeit-292-200x300.jpg 200w, http:\/\/www.mvenzenkirchen.at\/cms\/wp-content\/uploads\/2025\/10\/Vanessa_Markus_Hochzeit-292-683x1024.jpg 683w, http:\/\/www.mvenzenkirchen.at\/cms\/wp-content\/uploads\/2025\/10\/Vanessa_Markus_Hochzeit-292-768x1152.jpg 768w, http:\/\/www.mvenzenkirchen.at\/cms\/wp-content\/uploads\/2025\/10\/Vanessa_Markus_Hochzeit-292-1024x1536.jpg 1024w, http:\/\/www.mvenzenkirchen.at\/cms\/wp-content\/uploads\/2025\/10\/Vanessa_Markus_Hochzeit-292-1365x2048.jpg 1365w\" sizes=\"(max-width: 1707px) 100vw, 1707px\" \/><div class=\"caption-wrap\"><div class=\"caption\">\u00a9die belichterei<\/div><\/div><\/li>\n                <li style=\"display: none; width: 100%;\" class=\"slide-6814 ms-image \" aria-roledescription=\"slide\" data-date=\"2025-10-25 19:27:51\" data-filename=\"Vanessa_Markus_Hochzeit-364-scaled.jpg\" data-slide-type=\"image\"><img loading=\"lazy\" decoding=\"async\" width=\"1707\" height=\"2560\" src=\"http:\/\/www.mvenzenkirchen.at\/cms\/wp-content\/uploads\/2025\/10\/Vanessa_Markus_Hochzeit-364-scaled.jpg\" class=\"slider-6735 slide-6814 msDefaultImage\" alt=\"\" rel=\"\" title=\"\" style=\"margin: 0 auto; width: 28.5770089286%\" srcset=\"http:\/\/www.mvenzenkirchen.at\/cms\/wp-content\/uploads\/2025\/10\/Vanessa_Markus_Hochzeit-364-scaled.jpg 1707w, http:\/\/www.mvenzenkirchen.at\/cms\/wp-content\/uploads\/2025\/10\/Vanessa_Markus_Hochzeit-364-200x300.jpg 200w, http:\/\/www.mvenzenkirchen.at\/cms\/wp-content\/uploads\/2025\/10\/Vanessa_Markus_Hochzeit-364-683x1024.jpg 683w, http:\/\/www.mvenzenkirchen.at\/cms\/wp-content\/uploads\/2025\/10\/Vanessa_Markus_Hochzeit-364-768x1152.jpg 768w, http:\/\/www.mvenzenkirchen.at\/cms\/wp-content\/uploads\/2025\/10\/Vanessa_Markus_Hochzeit-364-1024x1536.jpg 1024w, http:\/\/www.mvenzenkirchen.at\/cms\/wp-content\/uploads\/2025\/10\/Vanessa_Markus_Hochzeit-364-1365x2048.jpg 1365w\" sizes=\"(max-width: 1707px) 100vw, 1707px\" \/><div class=\"caption-wrap\"><div class=\"caption\">\u00a9die belichterei<\/div><\/div><\/li>\n                <li style=\"display: none; width: 100%;\" class=\"slide-6815 ms-image \" aria-roledescription=\"slide\" data-date=\"2025-10-25 19:27:51\" data-filename=\"Vanessa_Markus_Hochzeit-559-scaled.jpg\" data-slide-type=\"image\"><img loading=\"lazy\" decoding=\"async\" width=\"2560\" height=\"1707\" src=\"http:\/\/www.mvenzenkirchen.at\/cms\/wp-content\/uploads\/2025\/10\/Vanessa_Markus_Hochzeit-559-scaled.jpg\" class=\"slider-6735 slide-6815 msDefaultImage\" alt=\"\" rel=\"\" title=\"\" style=\"margin: 0 auto; width: 64.273160934%\" srcset=\"http:\/\/www.mvenzenkirchen.at\/cms\/wp-content\/uploads\/2025\/10\/Vanessa_Markus_Hochzeit-559-scaled.jpg 2560w, http:\/\/www.mvenzenkirchen.at\/cms\/wp-content\/uploads\/2025\/10\/Vanessa_Markus_Hochzeit-559-300x200.jpg 300w, http:\/\/www.mvenzenkirchen.at\/cms\/wp-content\/uploads\/2025\/10\/Vanessa_Markus_Hochzeit-559-1024x683.jpg 1024w, http:\/\/www.mvenzenkirchen.at\/cms\/wp-content\/uploads\/2025\/10\/Vanessa_Markus_Hochzeit-559-768x512.jpg 768w, http:\/\/www.mvenzenkirchen.at\/cms\/wp-content\/uploads\/2025\/10\/Vanessa_Markus_Hochzeit-559-1536x1024.jpg 1536w, http:\/\/www.mvenzenkirchen.at\/cms\/wp-content\/uploads\/2025\/10\/Vanessa_Markus_Hochzeit-559-2048x1365.jpg 2048w, http:\/\/www.mvenzenkirchen.at\/cms\/wp-content\/uploads\/2025\/10\/Vanessa_Markus_Hochzeit-559-272x182.jpg 272w\" sizes=\"(max-width: 2560px) 100vw, 2560px\" \/><div class=\"caption-wrap\"><div class=\"caption\">\u00a9die belichterei<\/div><\/div><\/li>\n                <li style=\"display: none; width: 100%;\" class=\"slide-6798 ms-image \" aria-roledescription=\"slide\" data-date=\"2025-10-25 19:27:50\" data-filename=\"20250621_183524-scaled.jpg\" data-slide-type=\"image\"><img loading=\"lazy\" decoding=\"async\" width=\"1707\" height=\"2560\" src=\"http:\/\/www.mvenzenkirchen.at\/cms\/wp-content\/uploads\/2025\/10\/20250621_183524-scaled.jpg\" class=\"slider-6735 slide-6798 msDefaultImage\" alt=\"\" rel=\"\" title=\"\" style=\"margin: 0 auto; width: 28.5770089286%\" srcset=\"http:\/\/www.mvenzenkirchen.at\/cms\/wp-content\/uploads\/2025\/10\/20250621_183524-scaled.jpg 1707w, http:\/\/www.mvenzenkirchen.at\/cms\/wp-content\/uploads\/2025\/10\/20250621_183524-200x300.jpg 200w, http:\/\/www.mvenzenkirchen.at\/cms\/wp-content\/uploads\/2025\/10\/20250621_183524-683x1024.jpg 683w, http:\/\/www.mvenzenkirchen.at\/cms\/wp-content\/uploads\/2025\/10\/20250621_183524-768x1152.jpg 768w, http:\/\/www.mvenzenkirchen.at\/cms\/wp-content\/uploads\/2025\/10\/20250621_183524-1024x1536.jpg 1024w, http:\/\/www.mvenzenkirchen.at\/cms\/wp-content\/uploads\/2025\/10\/20250621_183524-1365x2048.jpg 1365w\" sizes=\"(max-width: 1707px) 100vw, 1707px\" \/><\/li>\n                <li style=\"display: none; width: 100%;\" class=\"slide-6796 ms-image \" aria-roledescription=\"slide\" data-date=\"2025-10-25 19:27:50\" data-filename=\"20250621_160721-scaled.jpg\" data-slide-type=\"image\"><img loading=\"lazy\" decoding=\"async\" width=\"1707\" height=\"2560\" src=\"http:\/\/www.mvenzenkirchen.at\/cms\/wp-content\/uploads\/2025\/10\/20250621_160721-scaled.jpg\" class=\"slider-6735 slide-6796 msDefaultImage\" alt=\"\" rel=\"\" title=\"\" style=\"margin: 0 auto; width: 28.5770089286%\" srcset=\"http:\/\/www.mvenzenkirchen.at\/cms\/wp-content\/uploads\/2025\/10\/20250621_160721-scaled.jpg 1707w, http:\/\/www.mvenzenkirchen.at\/cms\/wp-content\/uploads\/2025\/10\/20250621_160721-200x300.jpg 200w, http:\/\/www.mvenzenkirchen.at\/cms\/wp-content\/uploads\/2025\/10\/20250621_160721-683x1024.jpg 683w, http:\/\/www.mvenzenkirchen.at\/cms\/wp-content\/uploads\/2025\/10\/20250621_160721-768x1152.jpg 768w, http:\/\/www.mvenzenkirchen.at\/cms\/wp-content\/uploads\/2025\/10\/20250621_160721-1024x1536.jpg 1024w, http:\/\/www.mvenzenkirchen.at\/cms\/wp-content\/uploads\/2025\/10\/20250621_160721-1365x2048.jpg 1365w\" sizes=\"(max-width: 1707px) 100vw, 1707px\" \/><\/li>\n                <li style=\"display: none; width: 100%;\" class=\"slide-6802 ms-image \" aria-roledescription=\"slide\" data-date=\"2025-10-25 19:27:50\" data-filename=\"IMG-20250621-WA0021.jpg\" data-slide-type=\"image\"><img loading=\"lazy\" decoding=\"async\" width=\"1600\" height=\"1067\" src=\"http:\/\/www.mvenzenkirchen.at\/cms\/wp-content\/uploads\/2025\/10\/IMG-20250621-WA0021.jpg\" class=\"slider-6735 slide-6802 msDefaultImage\" alt=\"\" rel=\"\" title=\"\" style=\"margin: 0 auto; width: 64.2656312759%\" srcset=\"http:\/\/www.mvenzenkirchen.at\/cms\/wp-content\/uploads\/2025\/10\/IMG-20250621-WA0021.jpg 1600w, http:\/\/www.mvenzenkirchen.at\/cms\/wp-content\/uploads\/2025\/10\/IMG-20250621-WA0021-300x200.jpg 300w, http:\/\/www.mvenzenkirchen.at\/cms\/wp-content\/uploads\/2025\/10\/IMG-20250621-WA0021-1024x683.jpg 1024w, http:\/\/www.mvenzenkirchen.at\/cms\/wp-content\/uploads\/2025\/10\/IMG-20250621-WA0021-768x512.jpg 768w, http:\/\/www.mvenzenkirchen.at\/cms\/wp-content\/uploads\/2025\/10\/IMG-20250621-WA0021-1536x1024.jpg 1536w, http:\/\/www.mvenzenkirchen.at\/cms\/wp-content\/uploads\/2025\/10\/IMG-20250621-WA0021-272x182.jpg 272w\" sizes=\"(max-width: 1600px) 100vw, 1600px\" \/><\/li>\n                <li style=\"display: none; width: 100%;\" class=\"slide-6799 ms-image \" aria-roledescription=\"slide\" data-date=\"2025-10-25 19:27:50\" data-filename=\"20250621_184051-scaled.jpg\" data-slide-type=\"image\"><img loading=\"lazy\" decoding=\"async\" width=\"1707\" height=\"2560\" src=\"http:\/\/www.mvenzenkirchen.at\/cms\/wp-content\/uploads\/2025\/10\/20250621_184051-scaled.jpg\" class=\"slider-6735 slide-6799 msDefaultImage\" alt=\"\" rel=\"\" title=\"\" style=\"margin: 0 auto; width: 28.5770089286%\" srcset=\"http:\/\/www.mvenzenkirchen.at\/cms\/wp-content\/uploads\/2025\/10\/20250621_184051-scaled.jpg 1707w, http:\/\/www.mvenzenkirchen.at\/cms\/wp-content\/uploads\/2025\/10\/20250621_184051-200x300.jpg 200w, http:\/\/www.mvenzenkirchen.at\/cms\/wp-content\/uploads\/2025\/10\/20250621_184051-683x1024.jpg 683w, http:\/\/www.mvenzenkirchen.at\/cms\/wp-content\/uploads\/2025\/10\/20250621_184051-768x1152.jpg 768w, http:\/\/www.mvenzenkirchen.at\/cms\/wp-content\/uploads\/2025\/10\/20250621_184051-1024x1536.jpg 1024w, http:\/\/www.mvenzenkirchen.at\/cms\/wp-content\/uploads\/2025\/10\/20250621_184051-1366x2048.jpg 1366w\" sizes=\"(max-width: 1707px) 100vw, 1707px\" \/><\/li>\n                <li style=\"display: none; width: 100%;\" class=\"slide-6801 ms-image \" aria-roledescription=\"slide\" data-date=\"2025-10-25 19:27:50\" data-filename=\"IMG-20250621-WA0012.jpg\" data-slide-type=\"image\"><img loading=\"lazy\" decoding=\"async\" width=\"1067\" height=\"1600\" src=\"http:\/\/www.mvenzenkirchen.at\/cms\/wp-content\/uploads\/2025\/10\/IMG-20250621-WA0012.jpg\" class=\"slider-6735 slide-6801 msDefaultImage\" alt=\"\" rel=\"\" title=\"\" style=\"margin: 0 auto; width: 28.5803571429%\" srcset=\"http:\/\/www.mvenzenkirchen.at\/cms\/wp-content\/uploads\/2025\/10\/IMG-20250621-WA0012.jpg 1067w, http:\/\/www.mvenzenkirchen.at\/cms\/wp-content\/uploads\/2025\/10\/IMG-20250621-WA0012-200x300.jpg 200w, http:\/\/www.mvenzenkirchen.at\/cms\/wp-content\/uploads\/2025\/10\/IMG-20250621-WA0012-683x1024.jpg 683w, http:\/\/www.mvenzenkirchen.at\/cms\/wp-content\/uploads\/2025\/10\/IMG-20250621-WA0012-768x1152.jpg 768w, http:\/\/www.mvenzenkirchen.at\/cms\/wp-content\/uploads\/2025\/10\/IMG-20250621-WA0012-1024x1536.jpg 1024w\" sizes=\"(max-width: 1067px) 100vw, 1067px\" \/><\/li>\n                <li style=\"display: none; width: 100%;\" class=\"slide-6816 ms-image \" aria-roledescription=\"slide\" data-date=\"2025-10-25 19:27:51\" data-filename=\"Vanessa_Markus_Hochzeit-587-scaled.jpg\" data-slide-type=\"image\"><img loading=\"lazy\" decoding=\"async\" width=\"2560\" height=\"1707\" src=\"http:\/\/www.mvenzenkirchen.at\/cms\/wp-content\/uploads\/2025\/10\/Vanessa_Markus_Hochzeit-587-scaled.jpg\" class=\"slider-6735 slide-6816 msDefaultImage\" alt=\"\" rel=\"\" title=\"\" style=\"margin: 0 auto; width: 64.273160934%\" srcset=\"http:\/\/www.mvenzenkirchen.at\/cms\/wp-content\/uploads\/2025\/10\/Vanessa_Markus_Hochzeit-587-scaled.jpg 2560w, http:\/\/www.mvenzenkirchen.at\/cms\/wp-content\/uploads\/2025\/10\/Vanessa_Markus_Hochzeit-587-300x200.jpg 300w, http:\/\/www.mvenzenkirchen.at\/cms\/wp-content\/uploads\/2025\/10\/Vanessa_Markus_Hochzeit-587-1024x683.jpg 1024w, http:\/\/www.mvenzenkirchen.at\/cms\/wp-content\/uploads\/2025\/10\/Vanessa_Markus_Hochzeit-587-768x512.jpg 768w, http:\/\/www.mvenzenkirchen.at\/cms\/wp-content\/uploads\/2025\/10\/Vanessa_Markus_Hochzeit-587-1536x1024.jpg 1536w, http:\/\/www.mvenzenkirchen.at\/cms\/wp-content\/uploads\/2025\/10\/Vanessa_Markus_Hochzeit-587-2048x1365.jpg 2048w, http:\/\/www.mvenzenkirchen.at\/cms\/wp-content\/uploads\/2025\/10\/Vanessa_Markus_Hochzeit-587-272x182.jpg 272w\" sizes=\"(max-width: 2560px) 100vw, 2560px\" \/><div class=\"caption-wrap\"><div class=\"caption\">\u00a9die belichterei<\/div><\/div><\/li>\n                <li style=\"display: none; width: 100%;\" class=\"slide-6817 ms-image \" aria-roledescription=\"slide\" data-date=\"2025-10-25 19:27:51\" data-filename=\"Vanessa_Markus_Hochzeit-590-scaled.jpg\" data-slide-type=\"image\"><img loading=\"lazy\" decoding=\"async\" width=\"2560\" height=\"1707\" src=\"http:\/\/www.mvenzenkirchen.at\/cms\/wp-content\/uploads\/2025\/10\/Vanessa_Markus_Hochzeit-590-scaled.jpg\" class=\"slider-6735 slide-6817 msDefaultImage\" alt=\"\" rel=\"\" title=\"\" style=\"margin: 0 auto; width: 64.273160934%\" srcset=\"http:\/\/www.mvenzenkirchen.at\/cms\/wp-content\/uploads\/2025\/10\/Vanessa_Markus_Hochzeit-590-scaled.jpg 2560w, http:\/\/www.mvenzenkirchen.at\/cms\/wp-content\/uploads\/2025\/10\/Vanessa_Markus_Hochzeit-590-300x200.jpg 300w, http:\/\/www.mvenzenkirchen.at\/cms\/wp-content\/uploads\/2025\/10\/Vanessa_Markus_Hochzeit-590-1024x683.jpg 1024w, http:\/\/www.mvenzenkirchen.at\/cms\/wp-content\/uploads\/2025\/10\/Vanessa_Markus_Hochzeit-590-768x512.jpg 768w, http:\/\/www.mvenzenkirchen.at\/cms\/wp-content\/uploads\/2025\/10\/Vanessa_Markus_Hochzeit-590-1536x1024.jpg 1536w, http:\/\/www.mvenzenkirchen.at\/cms\/wp-content\/uploads\/2025\/10\/Vanessa_Markus_Hochzeit-590-2048x1365.jpg 2048w, http:\/\/www.mvenzenkirchen.at\/cms\/wp-content\/uploads\/2025\/10\/Vanessa_Markus_Hochzeit-590-272x182.jpg 272w\" sizes=\"(max-width: 2560px) 100vw, 2560px\" \/><div class=\"caption-wrap\"><div class=\"caption\">\u00a9die belichterei<\/div><\/div><\/li>\n                <li style=\"display: none; width: 100%;\" class=\"slide-6818 ms-image \" aria-roledescription=\"slide\" data-date=\"2025-10-25 19:27:51\" data-filename=\"Vanessa_Markus_Hochzeit-626-scaled.jpg\" data-slide-type=\"image\"><img loading=\"lazy\" decoding=\"async\" width=\"2560\" height=\"1707\" src=\"http:\/\/www.mvenzenkirchen.at\/cms\/wp-content\/uploads\/2025\/10\/Vanessa_Markus_Hochzeit-626-scaled.jpg\" class=\"slider-6735 slide-6818 msDefaultImage\" alt=\"\" rel=\"\" title=\"\" style=\"margin: 0 auto; width: 64.273160934%\" srcset=\"http:\/\/www.mvenzenkirchen.at\/cms\/wp-content\/uploads\/2025\/10\/Vanessa_Markus_Hochzeit-626-scaled.jpg 2560w, http:\/\/www.mvenzenkirchen.at\/cms\/wp-content\/uploads\/2025\/10\/Vanessa_Markus_Hochzeit-626-300x200.jpg 300w, http:\/\/www.mvenzenkirchen.at\/cms\/wp-content\/uploads\/2025\/10\/Vanessa_Markus_Hochzeit-626-1024x683.jpg 1024w, http:\/\/www.mvenzenkirchen.at\/cms\/wp-content\/uploads\/2025\/10\/Vanessa_Markus_Hochzeit-626-768x512.jpg 768w, http:\/\/www.mvenzenkirchen.at\/cms\/wp-content\/uploads\/2025\/10\/Vanessa_Markus_Hochzeit-626-1536x1024.jpg 1536w, http:\/\/www.mvenzenkirchen.at\/cms\/wp-content\/uploads\/2025\/10\/Vanessa_Markus_Hochzeit-626-2048x1365.jpg 2048w, http:\/\/www.mvenzenkirchen.at\/cms\/wp-content\/uploads\/2025\/10\/Vanessa_Markus_Hochzeit-626-272x182.jpg 272w\" sizes=\"(max-width: 2560px) 100vw, 2560px\" \/><div class=\"caption-wrap\"><div class=\"caption\">\u00a9die belichterei<\/div><\/div><\/li>\n                <li style=\"display: none; width: 100%;\" class=\"slide-6819 ms-image \" aria-roledescription=\"slide\" data-date=\"2025-10-25 19:27:51\" data-filename=\"Vanessa_Markus_Hochzeit-644-scaled.jpg\" data-slide-type=\"image\"><img loading=\"lazy\" decoding=\"async\" width=\"2560\" height=\"1707\" src=\"http:\/\/www.mvenzenkirchen.at\/cms\/wp-content\/uploads\/2025\/10\/Vanessa_Markus_Hochzeit-644-scaled.jpg\" class=\"slider-6735 slide-6819 msDefaultImage\" alt=\"\" rel=\"\" title=\"\" style=\"margin: 0 auto; width: 64.273160934%\" srcset=\"http:\/\/www.mvenzenkirchen.at\/cms\/wp-content\/uploads\/2025\/10\/Vanessa_Markus_Hochzeit-644-scaled.jpg 2560w, http:\/\/www.mvenzenkirchen.at\/cms\/wp-content\/uploads\/2025\/10\/Vanessa_Markus_Hochzeit-644-300x200.jpg 300w, http:\/\/www.mvenzenkirchen.at\/cms\/wp-content\/uploads\/2025\/10\/Vanessa_Markus_Hochzeit-644-1024x683.jpg 1024w, http:\/\/www.mvenzenkirchen.at\/cms\/wp-content\/uploads\/2025\/10\/Vanessa_Markus_Hochzeit-644-768x512.jpg 768w, http:\/\/www.mvenzenkirchen.at\/cms\/wp-content\/uploads\/2025\/10\/Vanessa_Markus_Hochzeit-644-1536x1024.jpg 1536w, http:\/\/www.mvenzenkirchen.at\/cms\/wp-content\/uploads\/2025\/10\/Vanessa_Markus_Hochzeit-644-2048x1365.jpg 2048w, http:\/\/www.mvenzenkirchen.at\/cms\/wp-content\/uploads\/2025\/10\/Vanessa_Markus_Hochzeit-644-272x182.jpg 272w\" sizes=\"(max-width: 2560px) 100vw, 2560px\" \/><div class=\"caption-wrap\"><div class=\"caption\">\u00a9die belichterei<\/div><\/div><\/li>\n                <li style=\"display: none; width: 100%;\" class=\"slide-6820 ms-image \" aria-roledescription=\"slide\" data-date=\"2025-10-25 19:27:51\" data-filename=\"Vanessa_Markus_Hochzeit-658-scaled.jpg\" data-slide-type=\"image\"><img loading=\"lazy\" decoding=\"async\" width=\"2560\" height=\"1707\" src=\"http:\/\/www.mvenzenkirchen.at\/cms\/wp-content\/uploads\/2025\/10\/Vanessa_Markus_Hochzeit-658-scaled.jpg\" class=\"slider-6735 slide-6820 msDefaultImage\" alt=\"\" rel=\"\" title=\"\" style=\"margin: 0 auto; width: 64.273160934%\" srcset=\"http:\/\/www.mvenzenkirchen.at\/cms\/wp-content\/uploads\/2025\/10\/Vanessa_Markus_Hochzeit-658-scaled.jpg 2560w, http:\/\/www.mvenzenkirchen.at\/cms\/wp-content\/uploads\/2025\/10\/Vanessa_Markus_Hochzeit-658-300x200.jpg 300w, http:\/\/www.mvenzenkirchen.at\/cms\/wp-content\/uploads\/2025\/10\/Vanessa_Markus_Hochzeit-658-1024x683.jpg 1024w, http:\/\/www.mvenzenkirchen.at\/cms\/wp-content\/uploads\/2025\/10\/Vanessa_Markus_Hochzeit-658-768x512.jpg 768w, http:\/\/www.mvenzenkirchen.at\/cms\/wp-content\/uploads\/2025\/10\/Vanessa_Markus_Hochzeit-658-1536x1024.jpg 1536w, http:\/\/www.mvenzenkirchen.at\/cms\/wp-content\/uploads\/2025\/10\/Vanessa_Markus_Hochzeit-658-2048x1365.jpg 2048w, http:\/\/www.mvenzenkirchen.at\/cms\/wp-content\/uploads\/2025\/10\/Vanessa_Markus_Hochzeit-658-272x182.jpg 272w\" sizes=\"(max-width: 2560px) 100vw, 2560px\" \/><div class=\"caption-wrap\"><div class=\"caption\">\u00a9die belichterei<\/div><\/div><\/li>\n                <li style=\"display: none; width: 100%;\" class=\"slide-6821 ms-image \" aria-roledescription=\"slide\" data-date=\"2025-10-25 19:27:51\" data-filename=\"Vanessa_Markus_Hochzeit-679-scaled.jpg\" data-slide-type=\"image\"><img loading=\"lazy\" decoding=\"async\" width=\"2560\" height=\"1707\" src=\"http:\/\/www.mvenzenkirchen.at\/cms\/wp-content\/uploads\/2025\/10\/Vanessa_Markus_Hochzeit-679-scaled.jpg\" class=\"slider-6735 slide-6821 msDefaultImage\" alt=\"\" rel=\"\" title=\"\" style=\"margin: 0 auto; width: 64.273160934%\" srcset=\"http:\/\/www.mvenzenkirchen.at\/cms\/wp-content\/uploads\/2025\/10\/Vanessa_Markus_Hochzeit-679-scaled.jpg 2560w, http:\/\/www.mvenzenkirchen.at\/cms\/wp-content\/uploads\/2025\/10\/Vanessa_Markus_Hochzeit-679-300x200.jpg 300w, http:\/\/www.mvenzenkirchen.at\/cms\/wp-content\/uploads\/2025\/10\/Vanessa_Markus_Hochzeit-679-1024x683.jpg 1024w, http:\/\/www.mvenzenkirchen.at\/cms\/wp-content\/uploads\/2025\/10\/Vanessa_Markus_Hochzeit-679-768x512.jpg 768w, http:\/\/www.mvenzenkirchen.at\/cms\/wp-content\/uploads\/2025\/10\/Vanessa_Markus_Hochzeit-679-1536x1024.jpg 1536w, http:\/\/www.mvenzenkirchen.at\/cms\/wp-content\/uploads\/2025\/10\/Vanessa_Markus_Hochzeit-679-2048x1365.jpg 2048w, http:\/\/www.mvenzenkirchen.at\/cms\/wp-content\/uploads\/2025\/10\/Vanessa_Markus_Hochzeit-679-272x182.jpg 272w\" sizes=\"(max-width: 2560px) 100vw, 2560px\" \/><div class=\"caption-wrap\"><div class=\"caption\">\u00a9die belichterei<\/div><\/div><\/li>\n                <li style=\"display: none; width: 100%;\" class=\"slide-6822 ms-image \" aria-roledescription=\"slide\" data-date=\"2025-10-25 19:27:51\" data-filename=\"Vanessa_Markus_Hochzeit-701-scaled.jpg\" data-slide-type=\"image\"><img loading=\"lazy\" decoding=\"async\" width=\"2560\" height=\"1707\" src=\"http:\/\/www.mvenzenkirchen.at\/cms\/wp-content\/uploads\/2025\/10\/Vanessa_Markus_Hochzeit-701-scaled.jpg\" class=\"slider-6735 slide-6822 msDefaultImage\" alt=\"\" rel=\"\" title=\"\" style=\"margin: 0 auto; width: 64.273160934%\" srcset=\"http:\/\/www.mvenzenkirchen.at\/cms\/wp-content\/uploads\/2025\/10\/Vanessa_Markus_Hochzeit-701-scaled.jpg 2560w, http:\/\/www.mvenzenkirchen.at\/cms\/wp-content\/uploads\/2025\/10\/Vanessa_Markus_Hochzeit-701-300x200.jpg 300w, http:\/\/www.mvenzenkirchen.at\/cms\/wp-content\/uploads\/2025\/10\/Vanessa_Markus_Hochzeit-701-1024x683.jpg 1024w, http:\/\/www.mvenzenkirchen.at\/cms\/wp-content\/uploads\/2025\/10\/Vanessa_Markus_Hochzeit-701-768x512.jpg 768w, http:\/\/www.mvenzenkirchen.at\/cms\/wp-content\/uploads\/2025\/10\/Vanessa_Markus_Hochzeit-701-1536x1024.jpg 1536w, http:\/\/www.mvenzenkirchen.at\/cms\/wp-content\/uploads\/2025\/10\/Vanessa_Markus_Hochzeit-701-2048x1365.jpg 2048w, http:\/\/www.mvenzenkirchen.at\/cms\/wp-content\/uploads\/2025\/10\/Vanessa_Markus_Hochzeit-701-272x182.jpg 272w\" sizes=\"(max-width: 2560px) 100vw, 2560px\" \/><div class=\"caption-wrap\"><div class=\"caption\">\u00a9die belichterei<\/div><\/div><\/li>\n                <li style=\"display: none; width: 100%;\" class=\"slide-6823 ms-image \" aria-roledescription=\"slide\" data-date=\"2025-10-25 19:27:51\" data-filename=\"Vanessa_Markus_Hochzeit-703-scaled.jpg\" data-slide-type=\"image\"><img loading=\"lazy\" decoding=\"async\" width=\"2560\" height=\"1707\" src=\"http:\/\/www.mvenzenkirchen.at\/cms\/wp-content\/uploads\/2025\/10\/Vanessa_Markus_Hochzeit-703-scaled.jpg\" class=\"slider-6735 slide-6823 msDefaultImage\" alt=\"\" rel=\"\" title=\"\" style=\"margin: 0 auto; width: 64.273160934%\" srcset=\"http:\/\/www.mvenzenkirchen.at\/cms\/wp-content\/uploads\/2025\/10\/Vanessa_Markus_Hochzeit-703-scaled.jpg 2560w, http:\/\/www.mvenzenkirchen.at\/cms\/wp-content\/uploads\/2025\/10\/Vanessa_Markus_Hochzeit-703-300x200.jpg 300w, http:\/\/www.mvenzenkirchen.at\/cms\/wp-content\/uploads\/2025\/10\/Vanessa_Markus_Hochzeit-703-1024x683.jpg 1024w, http:\/\/www.mvenzenkirchen.at\/cms\/wp-content\/uploads\/2025\/10\/Vanessa_Markus_Hochzeit-703-768x512.jpg 768w, http:\/\/www.mvenzenkirchen.at\/cms\/wp-content\/uploads\/2025\/10\/Vanessa_Markus_Hochzeit-703-1536x1024.jpg 1536w, http:\/\/www.mvenzenkirchen.at\/cms\/wp-content\/uploads\/2025\/10\/Vanessa_Markus_Hochzeit-703-2048x1365.jpg 2048w, http:\/\/www.mvenzenkirchen.at\/cms\/wp-content\/uploads\/2025\/10\/Vanessa_Markus_Hochzeit-703-272x182.jpg 272w\" sizes=\"(max-width: 2560px) 100vw, 2560px\" \/><div class=\"caption-wrap\"><div class=\"caption\">\u00a9die belichterei<\/div><\/div><\/li>\n                <li style=\"display: none; width: 100%;\" class=\"slide-6824 ms-image \" aria-roledescription=\"slide\" data-date=\"2025-10-25 19:27:51\" data-filename=\"Vanessa_Markus_Hochzeit-834-scaled.jpg\" data-slide-type=\"image\"><img loading=\"lazy\" decoding=\"async\" width=\"2560\" height=\"1707\" src=\"http:\/\/www.mvenzenkirchen.at\/cms\/wp-content\/uploads\/2025\/10\/Vanessa_Markus_Hochzeit-834-scaled.jpg\" class=\"slider-6735 slide-6824 msDefaultImage\" alt=\"\" rel=\"\" title=\"\" style=\"margin: 0 auto; width: 64.273160934%\" srcset=\"http:\/\/www.mvenzenkirchen.at\/cms\/wp-content\/uploads\/2025\/10\/Vanessa_Markus_Hochzeit-834-scaled.jpg 2560w, http:\/\/www.mvenzenkirchen.at\/cms\/wp-content\/uploads\/2025\/10\/Vanessa_Markus_Hochzeit-834-300x200.jpg 300w, http:\/\/www.mvenzenkirchen.at\/cms\/wp-content\/uploads\/2025\/10\/Vanessa_Markus_Hochzeit-834-1024x683.jpg 1024w, http:\/\/www.mvenzenkirchen.at\/cms\/wp-content\/uploads\/2025\/10\/Vanessa_Markus_Hochzeit-834-768x512.jpg 768w, http:\/\/www.mvenzenkirchen.at\/cms\/wp-content\/uploads\/2025\/10\/Vanessa_Markus_Hochzeit-834-1536x1024.jpg 1536w, http:\/\/www.mvenzenkirchen.at\/cms\/wp-content\/uploads\/2025\/10\/Vanessa_Markus_Hochzeit-834-2048x1365.jpg 2048w, http:\/\/www.mvenzenkirchen.at\/cms\/wp-content\/uploads\/2025\/10\/Vanessa_Markus_Hochzeit-834-272x182.jpg 272w\" sizes=\"(max-width: 2560px) 100vw, 2560px\" \/><div class=\"caption-wrap\"><div class=\"caption\">\u00a9die belichterei<\/div><\/div><\/li>\n                <li style=\"display: none; width: 100%;\" class=\"slide-6825 ms-image \" aria-roledescription=\"slide\" data-date=\"2025-10-25 19:27:51\" data-filename=\"Vanessa_Markus_Hochzeit-836-scaled.jpg\" data-slide-type=\"image\"><img loading=\"lazy\" decoding=\"async\" width=\"2560\" height=\"1707\" src=\"http:\/\/www.mvenzenkirchen.at\/cms\/wp-content\/uploads\/2025\/10\/Vanessa_Markus_Hochzeit-836-scaled.jpg\" class=\"slider-6735 slide-6825 msDefaultImage\" alt=\"\" rel=\"\" title=\"\" style=\"margin: 0 auto; width: 64.273160934%\" srcset=\"http:\/\/www.mvenzenkirchen.at\/cms\/wp-content\/uploads\/2025\/10\/Vanessa_Markus_Hochzeit-836-scaled.jpg 2560w, http:\/\/www.mvenzenkirchen.at\/cms\/wp-content\/uploads\/2025\/10\/Vanessa_Markus_Hochzeit-836-300x200.jpg 300w, http:\/\/www.mvenzenkirchen.at\/cms\/wp-content\/uploads\/2025\/10\/Vanessa_Markus_Hochzeit-836-1024x683.jpg 1024w, http:\/\/www.mvenzenkirchen.at\/cms\/wp-content\/uploads\/2025\/10\/Vanessa_Markus_Hochzeit-836-768x512.jpg 768w, http:\/\/www.mvenzenkirchen.at\/cms\/wp-content\/uploads\/2025\/10\/Vanessa_Markus_Hochzeit-836-1536x1024.jpg 1536w, http:\/\/www.mvenzenkirchen.at\/cms\/wp-content\/uploads\/2025\/10\/Vanessa_Markus_Hochzeit-836-2048x1365.jpg 2048w, http:\/\/www.mvenzenkirchen.at\/cms\/wp-content\/uploads\/2025\/10\/Vanessa_Markus_Hochzeit-836-272x182.jpg 272w\" sizes=\"(max-width: 2560px) 100vw, 2560px\" \/><div class=\"caption-wrap\"><div class=\"caption\">\u00a9die belichterei<\/div><\/div><\/li>\n                <li style=\"display: none; width: 100%;\" class=\"slide-6797 ms-image \" aria-roledescription=\"slide\" data-date=\"2025-10-25 19:27:50\" data-filename=\"20250621_170548-scaled.jpg\" data-slide-type=\"image\"><img loading=\"lazy\" decoding=\"async\" width=\"1707\" height=\"2560\" src=\"http:\/\/www.mvenzenkirchen.at\/cms\/wp-content\/uploads\/2025\/10\/20250621_170548-scaled.jpg\" class=\"slider-6735 slide-6797 msDefaultImage\" alt=\"\" rel=\"\" title=\"\" style=\"margin: 0 auto; width: 28.5770089286%\" srcset=\"http:\/\/www.mvenzenkirchen.at\/cms\/wp-content\/uploads\/2025\/10\/20250621_170548-scaled.jpg 1707w, http:\/\/www.mvenzenkirchen.at\/cms\/wp-content\/uploads\/2025\/10\/20250621_170548-200x300.jpg 200w, http:\/\/www.mvenzenkirchen.at\/cms\/wp-content\/uploads\/2025\/10\/20250621_170548-683x1024.jpg 683w, http:\/\/www.mvenzenkirchen.at\/cms\/wp-content\/uploads\/2025\/10\/20250621_170548-768x1152.jpg 768w, http:\/\/www.mvenzenkirchen.at\/cms\/wp-content\/uploads\/2025\/10\/20250621_170548-1024x1536.jpg 1024w, http:\/\/www.mvenzenkirchen.at\/cms\/wp-content\/uploads\/2025\/10\/20250621_170548-1365x2048.jpg 1365w\" sizes=\"(max-width: 1707px) 100vw, 1707px\" \/><\/li>\n                <li style=\"display: none; width: 100%;\" class=\"slide-6826 ms-image \" aria-roledescription=\"slide\" data-date=\"2025-10-25 19:27:51\" data-filename=\"Vanessa_Markus_Hochzeit-844-scaled.jpg\" data-slide-type=\"image\"><img loading=\"lazy\" decoding=\"async\" width=\"2560\" height=\"1707\" src=\"http:\/\/www.mvenzenkirchen.at\/cms\/wp-content\/uploads\/2025\/10\/Vanessa_Markus_Hochzeit-844-scaled.jpg\" class=\"slider-6735 slide-6826 msDefaultImage\" alt=\"\" rel=\"\" title=\"\" style=\"margin: 0 auto; width: 64.273160934%\" srcset=\"http:\/\/www.mvenzenkirchen.at\/cms\/wp-content\/uploads\/2025\/10\/Vanessa_Markus_Hochzeit-844-scaled.jpg 2560w, http:\/\/www.mvenzenkirchen.at\/cms\/wp-content\/uploads\/2025\/10\/Vanessa_Markus_Hochzeit-844-300x200.jpg 300w, http:\/\/www.mvenzenkirchen.at\/cms\/wp-content\/uploads\/2025\/10\/Vanessa_Markus_Hochzeit-844-1024x683.jpg 1024w, http:\/\/www.mvenzenkirchen.at\/cms\/wp-content\/uploads\/2025\/10\/Vanessa_Markus_Hochzeit-844-768x512.jpg 768w, http:\/\/www.mvenzenkirchen.at\/cms\/wp-content\/uploads\/2025\/10\/Vanessa_Markus_Hochzeit-844-1536x1024.jpg 1536w, http:\/\/www.mvenzenkirchen.at\/cms\/wp-content\/uploads\/2025\/10\/Vanessa_Markus_Hochzeit-844-2048x1365.jpg 2048w, http:\/\/www.mvenzenkirchen.at\/cms\/wp-content\/uploads\/2025\/10\/Vanessa_Markus_Hochzeit-844-272x182.jpg 272w\" sizes=\"(max-width: 2560px) 100vw, 2560px\" \/><div class=\"caption-wrap\"><div class=\"caption\">\u00a9die belichterei<\/div><\/div><\/li>\n                <li style=\"display: none; width: 100%;\" class=\"slide-6827 ms-image \" aria-roledescription=\"slide\" data-date=\"2025-10-25 19:27:51\" data-filename=\"Vanessa_Markus_Hochzeit-848-scaled.jpg\" data-slide-type=\"image\"><img loading=\"lazy\" decoding=\"async\" width=\"2560\" height=\"1707\" src=\"http:\/\/www.mvenzenkirchen.at\/cms\/wp-content\/uploads\/2025\/10\/Vanessa_Markus_Hochzeit-848-scaled.jpg\" class=\"slider-6735 slide-6827 msDefaultImage\" alt=\"\" rel=\"\" title=\"\" style=\"margin: 0 auto; width: 64.273160934%\" srcset=\"http:\/\/www.mvenzenkirchen.at\/cms\/wp-content\/uploads\/2025\/10\/Vanessa_Markus_Hochzeit-848-scaled.jpg 2560w, http:\/\/www.mvenzenkirchen.at\/cms\/wp-content\/uploads\/2025\/10\/Vanessa_Markus_Hochzeit-848-300x200.jpg 300w, http:\/\/www.mvenzenkirchen.at\/cms\/wp-content\/uploads\/2025\/10\/Vanessa_Markus_Hochzeit-848-1024x683.jpg 1024w, http:\/\/www.mvenzenkirchen.at\/cms\/wp-content\/uploads\/2025\/10\/Vanessa_Markus_Hochzeit-848-768x512.jpg 768w, http:\/\/www.mvenzenkirchen.at\/cms\/wp-content\/uploads\/2025\/10\/Vanessa_Markus_Hochzeit-848-1536x1024.jpg 1536w, http:\/\/www.mvenzenkirchen.at\/cms\/wp-content\/uploads\/2025\/10\/Vanessa_Markus_Hochzeit-848-2048x1365.jpg 2048w, http:\/\/www.mvenzenkirchen.at\/cms\/wp-content\/uploads\/2025\/10\/Vanessa_Markus_Hochzeit-848-272x182.jpg 272w\" sizes=\"(max-width: 2560px) 100vw, 2560px\" \/><div class=\"caption-wrap\"><div class=\"caption\">\u00a9die belichterei<\/div><\/div><\/li>\n                <li style=\"display: none; width: 100%;\" class=\"slide-6828 ms-image \" aria-roledescription=\"slide\" data-date=\"2025-10-25 19:27:51\" data-filename=\"Vanessa_Markus_Hochzeit-850-scaled.jpg\" data-slide-type=\"image\"><img loading=\"lazy\" decoding=\"async\" width=\"2560\" height=\"1707\" src=\"http:\/\/www.mvenzenkirchen.at\/cms\/wp-content\/uploads\/2025\/10\/Vanessa_Markus_Hochzeit-850-scaled.jpg\" class=\"slider-6735 slide-6828 msDefaultImage\" alt=\"\" rel=\"\" title=\"\" style=\"margin: 0 auto; width: 64.273160934%\" srcset=\"http:\/\/www.mvenzenkirchen.at\/cms\/wp-content\/uploads\/2025\/10\/Vanessa_Markus_Hochzeit-850-scaled.jpg 2560w, http:\/\/www.mvenzenkirchen.at\/cms\/wp-content\/uploads\/2025\/10\/Vanessa_Markus_Hochzeit-850-300x200.jpg 300w, http:\/\/www.mvenzenkirchen.at\/cms\/wp-content\/uploads\/2025\/10\/Vanessa_Markus_Hochzeit-850-1024x683.jpg 1024w, http:\/\/www.mvenzenkirchen.at\/cms\/wp-content\/uploads\/2025\/10\/Vanessa_Markus_Hochzeit-850-768x512.jpg 768w, http:\/\/www.mvenzenkirchen.at\/cms\/wp-content\/uploads\/2025\/10\/Vanessa_Markus_Hochzeit-850-1536x1024.jpg 1536w, http:\/\/www.mvenzenkirchen.at\/cms\/wp-content\/uploads\/2025\/10\/Vanessa_Markus_Hochzeit-850-2048x1365.jpg 2048w, http:\/\/www.mvenzenkirchen.at\/cms\/wp-content\/uploads\/2025\/10\/Vanessa_Markus_Hochzeit-850-272x182.jpg 272w\" sizes=\"(max-width: 2560px) 100vw, 2560px\" \/><div class=\"caption-wrap\"><div class=\"caption\">\u00a9die belichterei<\/div><\/div><\/li>\n                <li style=\"display: none; width: 100%;\" class=\"slide-6829 ms-image \" aria-roledescription=\"slide\" data-date=\"2025-10-25 19:27:51\" data-filename=\"Vanessa_Markus_Hochzeit-852-scaled.jpg\" data-slide-type=\"image\"><img loading=\"lazy\" decoding=\"async\" width=\"2560\" height=\"1707\" src=\"http:\/\/www.mvenzenkirchen.at\/cms\/wp-content\/uploads\/2025\/10\/Vanessa_Markus_Hochzeit-852-scaled.jpg\" class=\"slider-6735 slide-6829 msDefaultImage\" alt=\"\" rel=\"\" title=\"\" style=\"margin: 0 auto; width: 64.273160934%\" srcset=\"http:\/\/www.mvenzenkirchen.at\/cms\/wp-content\/uploads\/2025\/10\/Vanessa_Markus_Hochzeit-852-scaled.jpg 2560w, http:\/\/www.mvenzenkirchen.at\/cms\/wp-content\/uploads\/2025\/10\/Vanessa_Markus_Hochzeit-852-300x200.jpg 300w, http:\/\/www.mvenzenkirchen.at\/cms\/wp-content\/uploads\/2025\/10\/Vanessa_Markus_Hochzeit-852-1024x683.jpg 1024w, http:\/\/www.mvenzenkirchen.at\/cms\/wp-content\/uploads\/2025\/10\/Vanessa_Markus_Hochzeit-852-768x512.jpg 768w, http:\/\/www.mvenzenkirchen.at\/cms\/wp-content\/uploads\/2025\/10\/Vanessa_Markus_Hochzeit-852-1536x1024.jpg 1536w, http:\/\/www.mvenzenkirchen.at\/cms\/wp-content\/uploads\/2025\/10\/Vanessa_Markus_Hochzeit-852-2048x1365.jpg 2048w, http:\/\/www.mvenzenkirchen.at\/cms\/wp-content\/uploads\/2025\/10\/Vanessa_Markus_Hochzeit-852-272x182.jpg 272w\" sizes=\"(max-width: 2560px) 100vw, 2560px\" \/><div class=\"caption-wrap\"><div class=\"caption\">\u00a9die belichterei<\/div><\/div><\/li>\n                <li style=\"display: none; width: 100%;\" class=\"slide-6830 ms-image \" aria-roledescription=\"slide\" data-date=\"2025-10-25 19:27:51\" data-filename=\"Vanessa_Markus_Hochzeit-854-scaled.jpg\" data-slide-type=\"image\"><img loading=\"lazy\" decoding=\"async\" width=\"1707\" height=\"2560\" src=\"http:\/\/www.mvenzenkirchen.at\/cms\/wp-content\/uploads\/2025\/10\/Vanessa_Markus_Hochzeit-854-scaled.jpg\" class=\"slider-6735 slide-6830 msDefaultImage\" alt=\"\" rel=\"\" title=\"\" style=\"margin: 0 auto; width: 28.5770089286%\" srcset=\"http:\/\/www.mvenzenkirchen.at\/cms\/wp-content\/uploads\/2025\/10\/Vanessa_Markus_Hochzeit-854-scaled.jpg 1707w, http:\/\/www.mvenzenkirchen.at\/cms\/wp-content\/uploads\/2025\/10\/Vanessa_Markus_Hochzeit-854-200x300.jpg 200w, http:\/\/www.mvenzenkirchen.at\/cms\/wp-content\/uploads\/2025\/10\/Vanessa_Markus_Hochzeit-854-683x1024.jpg 683w, http:\/\/www.mvenzenkirchen.at\/cms\/wp-content\/uploads\/2025\/10\/Vanessa_Markus_Hochzeit-854-768x1152.jpg 768w, http:\/\/www.mvenzenkirchen.at\/cms\/wp-content\/uploads\/2025\/10\/Vanessa_Markus_Hochzeit-854-1024x1536.jpg 1024w, http:\/\/www.mvenzenkirchen.at\/cms\/wp-content\/uploads\/2025\/10\/Vanessa_Markus_Hochzeit-854-1365x2048.jpg 1365w\" sizes=\"(max-width: 1707px) 100vw, 1707px\" \/><div class=\"caption-wrap\"><div class=\"caption\">\u00a9die belichterei<\/div><\/div><\/li>\n                <li style=\"display: none; width: 100%;\" class=\"slide-6806 ms-image \" aria-roledescription=\"slide\" data-date=\"2025-10-25 19:27:50\" data-filename=\"IMG-20250622-WA0003.jpg\" data-slide-type=\"image\"><img loading=\"lazy\" decoding=\"async\" width=\"1148\" height=\"1722\" src=\"http:\/\/www.mvenzenkirchen.at\/cms\/wp-content\/uploads\/2025\/10\/IMG-20250622-WA0003.jpg\" class=\"slider-6735 slide-6806 msDefaultImage\" alt=\"\" rel=\"\" title=\"\" style=\"margin: 0 auto; width: 28.5714285714%\" srcset=\"http:\/\/www.mvenzenkirchen.at\/cms\/wp-content\/uploads\/2025\/10\/IMG-20250622-WA0003.jpg 1148w, http:\/\/www.mvenzenkirchen.at\/cms\/wp-content\/uploads\/2025\/10\/IMG-20250622-WA0003-200x300.jpg 200w, http:\/\/www.mvenzenkirchen.at\/cms\/wp-content\/uploads\/2025\/10\/IMG-20250622-WA0003-683x1024.jpg 683w, http:\/\/www.mvenzenkirchen.at\/cms\/wp-content\/uploads\/2025\/10\/IMG-20250622-WA0003-768x1152.jpg 768w, http:\/\/www.mvenzenkirchen.at\/cms\/wp-content\/uploads\/2025\/10\/IMG-20250622-WA0003-1024x1536.jpg 1024w\" sizes=\"(max-width: 1148px) 100vw, 1148px\" \/><\/li>\n                <li style=\"display: none; width: 100%;\" class=\"slide-6834 ms-image \" aria-roledescription=\"slide\" data-date=\"2025-10-25 19:27:51\" data-filename=\"Vanessa_Markus_Hochzeit-896-scaled.jpg\" data-slide-type=\"image\"><img loading=\"lazy\" decoding=\"async\" width=\"2560\" height=\"1707\" src=\"http:\/\/www.mvenzenkirchen.at\/cms\/wp-content\/uploads\/2025\/10\/Vanessa_Markus_Hochzeit-896-scaled.jpg\" class=\"slider-6735 slide-6834 msDefaultImage\" alt=\"\" rel=\"\" title=\"\" style=\"margin: 0 auto; width: 64.273160934%\" srcset=\"http:\/\/www.mvenzenkirchen.at\/cms\/wp-content\/uploads\/2025\/10\/Vanessa_Markus_Hochzeit-896-scaled.jpg 2560w, http:\/\/www.mvenzenkirchen.at\/cms\/wp-content\/uploads\/2025\/10\/Vanessa_Markus_Hochzeit-896-300x200.jpg 300w, http:\/\/www.mvenzenkirchen.at\/cms\/wp-content\/uploads\/2025\/10\/Vanessa_Markus_Hochzeit-896-1024x683.jpg 1024w, http:\/\/www.mvenzenkirchen.at\/cms\/wp-content\/uploads\/2025\/10\/Vanessa_Markus_Hochzeit-896-768x512.jpg 768w, http:\/\/www.mvenzenkirchen.at\/cms\/wp-content\/uploads\/2025\/10\/Vanessa_Markus_Hochzeit-896-1536x1024.jpg 1536w, http:\/\/www.mvenzenkirchen.at\/cms\/wp-content\/uploads\/2025\/10\/Vanessa_Markus_Hochzeit-896-2048x1365.jpg 2048w, http:\/\/www.mvenzenkirchen.at\/cms\/wp-content\/uploads\/2025\/10\/Vanessa_Markus_Hochzeit-896-272x182.jpg 272w\" sizes=\"(max-width: 2560px) 100vw, 2560px\" \/><div class=\"caption-wrap\"><div class=\"caption\">\u00a9die belichterei<\/div><\/div><\/li>\n                <li style=\"display: none; width: 100%;\" class=\"slide-6831 ms-image \" aria-roledescription=\"slide\" data-date=\"2025-10-25 19:27:51\" data-filename=\"Vanessa_Markus_Hochzeit-885-scaled.jpg\" data-slide-type=\"image\"><img loading=\"lazy\" decoding=\"async\" width=\"2560\" height=\"1707\" src=\"http:\/\/www.mvenzenkirchen.at\/cms\/wp-content\/uploads\/2025\/10\/Vanessa_Markus_Hochzeit-885-scaled.jpg\" class=\"slider-6735 slide-6831 msDefaultImage\" alt=\"\" rel=\"\" title=\"\" style=\"margin: 0 auto; width: 64.273160934%\" srcset=\"http:\/\/www.mvenzenkirchen.at\/cms\/wp-content\/uploads\/2025\/10\/Vanessa_Markus_Hochzeit-885-scaled.jpg 2560w, http:\/\/www.mvenzenkirchen.at\/cms\/wp-content\/uploads\/2025\/10\/Vanessa_Markus_Hochzeit-885-300x200.jpg 300w, http:\/\/www.mvenzenkirchen.at\/cms\/wp-content\/uploads\/2025\/10\/Vanessa_Markus_Hochzeit-885-1024x683.jpg 1024w, http:\/\/www.mvenzenkirchen.at\/cms\/wp-content\/uploads\/2025\/10\/Vanessa_Markus_Hochzeit-885-768x512.jpg 768w, http:\/\/www.mvenzenkirchen.at\/cms\/wp-content\/uploads\/2025\/10\/Vanessa_Markus_Hochzeit-885-1536x1024.jpg 1536w, http:\/\/www.mvenzenkirchen.at\/cms\/wp-content\/uploads\/2025\/10\/Vanessa_Markus_Hochzeit-885-2048x1365.jpg 2048w, http:\/\/www.mvenzenkirchen.at\/cms\/wp-content\/uploads\/2025\/10\/Vanessa_Markus_Hochzeit-885-272x182.jpg 272w\" sizes=\"(max-width: 2560px) 100vw, 2560px\" \/><div class=\"caption-wrap\"><div class=\"caption\">\u00a9die belichterei<\/div><\/div><\/li>\n                <li style=\"display: none; width: 100%;\" class=\"slide-6832 ms-image \" aria-roledescription=\"slide\" data-date=\"2025-10-25 19:27:51\" data-filename=\"Vanessa_Markus_Hochzeit-887-scaled.jpg\" data-slide-type=\"image\"><img loading=\"lazy\" decoding=\"async\" width=\"2560\" height=\"1707\" src=\"http:\/\/www.mvenzenkirchen.at\/cms\/wp-content\/uploads\/2025\/10\/Vanessa_Markus_Hochzeit-887-scaled.jpg\" class=\"slider-6735 slide-6832 msDefaultImage\" alt=\"\" rel=\"\" title=\"\" style=\"margin: 0 auto; width: 64.273160934%\" srcset=\"http:\/\/www.mvenzenkirchen.at\/cms\/wp-content\/uploads\/2025\/10\/Vanessa_Markus_Hochzeit-887-scaled.jpg 2560w, http:\/\/www.mvenzenkirchen.at\/cms\/wp-content\/uploads\/2025\/10\/Vanessa_Markus_Hochzeit-887-300x200.jpg 300w, http:\/\/www.mvenzenkirchen.at\/cms\/wp-content\/uploads\/2025\/10\/Vanessa_Markus_Hochzeit-887-1024x683.jpg 1024w, http:\/\/www.mvenzenkirchen.at\/cms\/wp-content\/uploads\/2025\/10\/Vanessa_Markus_Hochzeit-887-768x512.jpg 768w, http:\/\/www.mvenzenkirchen.at\/cms\/wp-content\/uploads\/2025\/10\/Vanessa_Markus_Hochzeit-887-1536x1024.jpg 1536w, http:\/\/www.mvenzenkirchen.at\/cms\/wp-content\/uploads\/2025\/10\/Vanessa_Markus_Hochzeit-887-2048x1365.jpg 2048w, http:\/\/www.mvenzenkirchen.at\/cms\/wp-content\/uploads\/2025\/10\/Vanessa_Markus_Hochzeit-887-272x182.jpg 272w\" sizes=\"(max-width: 2560px) 100vw, 2560px\" \/><div class=\"caption-wrap\"><div class=\"caption\">\u00a9die belichterei<\/div><\/div><\/li>\n                <li style=\"display: none; width: 100%;\" class=\"slide-6833 ms-image \" aria-roledescription=\"slide\" data-date=\"2025-10-25 19:27:51\" data-filename=\"Vanessa_Markus_Hochzeit-888-scaled.jpg\" data-slide-type=\"image\"><img loading=\"lazy\" decoding=\"async\" width=\"2560\" height=\"1707\" src=\"http:\/\/www.mvenzenkirchen.at\/cms\/wp-content\/uploads\/2025\/10\/Vanessa_Markus_Hochzeit-888-scaled.jpg\" class=\"slider-6735 slide-6833 msDefaultImage\" alt=\"\" rel=\"\" title=\"\" style=\"margin: 0 auto; width: 64.273160934%\" srcset=\"http:\/\/www.mvenzenkirchen.at\/cms\/wp-content\/uploads\/2025\/10\/Vanessa_Markus_Hochzeit-888-scaled.jpg 2560w, http:\/\/www.mvenzenkirchen.at\/cms\/wp-content\/uploads\/2025\/10\/Vanessa_Markus_Hochzeit-888-300x200.jpg 300w, http:\/\/www.mvenzenkirchen.at\/cms\/wp-content\/uploads\/2025\/10\/Vanessa_Markus_Hochzeit-888-1024x683.jpg 1024w, http:\/\/www.mvenzenkirchen.at\/cms\/wp-content\/uploads\/2025\/10\/Vanessa_Markus_Hochzeit-888-768x512.jpg 768w, http:\/\/www.mvenzenkirchen.at\/cms\/wp-content\/uploads\/2025\/10\/Vanessa_Markus_Hochzeit-888-1536x1024.jpg 1536w, http:\/\/www.mvenzenkirchen.at\/cms\/wp-content\/uploads\/2025\/10\/Vanessa_Markus_Hochzeit-888-2048x1365.jpg 2048w, http:\/\/www.mvenzenkirchen.at\/cms\/wp-content\/uploads\/2025\/10\/Vanessa_Markus_Hochzeit-888-272x182.jpg 272w\" sizes=\"(max-width: 2560px) 100vw, 2560px\" \/><div class=\"caption-wrap\"><div class=\"caption\">\u00a9die belichterei<\/div><\/div><\/li>\n                <li style=\"display: none; width: 100%;\" class=\"slide-6803 ms-image \" aria-roledescription=\"slide\" data-date=\"2025-10-25 19:27:50\" data-filename=\"IMG-20250621-WA0030.jpg\" data-slide-type=\"image\"><img loading=\"lazy\" decoding=\"async\" width=\"1067\" height=\"1600\" src=\"http:\/\/www.mvenzenkirchen.at\/cms\/wp-content\/uploads\/2025\/10\/IMG-20250621-WA0030.jpg\" class=\"slider-6735 slide-6803 msDefaultImage\" alt=\"\" rel=\"\" title=\"\" style=\"margin: 0 auto; width: 28.5803571429%\" srcset=\"http:\/\/www.mvenzenkirchen.at\/cms\/wp-content\/uploads\/2025\/10\/IMG-20250621-WA0030.jpg 1067w, http:\/\/www.mvenzenkirchen.at\/cms\/wp-content\/uploads\/2025\/10\/IMG-20250621-WA0030-200x300.jpg 200w, http:\/\/www.mvenzenkirchen.at\/cms\/wp-content\/uploads\/2025\/10\/IMG-20250621-WA0030-683x1024.jpg 683w, http:\/\/www.mvenzenkirchen.at\/cms\/wp-content\/uploads\/2025\/10\/IMG-20250621-WA0030-768x1152.jpg 768w, http:\/\/www.mvenzenkirchen.at\/cms\/wp-content\/uploads\/2025\/10\/IMG-20250621-WA0030-1024x1536.jpg 1024w\" sizes=\"(max-width: 1067px) 100vw, 1067px\" \/><\/li>\n                <li style=\"display: none; width: 100%;\" class=\"slide-6800 ms-image \" aria-roledescription=\"slide\" data-date=\"2025-10-25 19:27:50\" data-filename=\"20250621_190151-scaled.jpg\" data-slide-type=\"image\"><img loading=\"lazy\" decoding=\"async\" width=\"1707\" height=\"2560\" src=\"http:\/\/www.mvenzenkirchen.at\/cms\/wp-content\/uploads\/2025\/10\/20250621_190151-scaled.jpg\" class=\"slider-6735 slide-6800 msDefaultImage\" alt=\"\" rel=\"\" title=\"\" style=\"margin: 0 auto; width: 28.5770089286%\" srcset=\"http:\/\/www.mvenzenkirchen.at\/cms\/wp-content\/uploads\/2025\/10\/20250621_190151-scaled.jpg 1707w, http:\/\/www.mvenzenkirchen.at\/cms\/wp-content\/uploads\/2025\/10\/20250621_190151-200x300.jpg 200w, http:\/\/www.mvenzenkirchen.at\/cms\/wp-content\/uploads\/2025\/10\/20250621_190151-683x1024.jpg 683w, http:\/\/www.mvenzenkirchen.at\/cms\/wp-content\/uploads\/2025\/10\/20250621_190151-768x1152.jpg 768w, http:\/\/www.mvenzenkirchen.at\/cms\/wp-content\/uploads\/2025\/10\/20250621_190151-1024x1536.jpg 1024w, http:\/\/www.mvenzenkirchen.at\/cms\/wp-content\/uploads\/2025\/10\/20250621_190151-1365x2048.jpg 1365w\" sizes=\"(max-width: 1707px) 100vw, 1707px\" \/><\/li>\n                <li style=\"display: none; width: 100%;\" class=\"slide-6807 ms-image \" aria-roledescription=\"slide\" data-date=\"2025-10-25 19:27:50\" data-filename=\"IMG-20250622-WA0008.jpg\" data-slide-type=\"image\"><img loading=\"lazy\" decoding=\"async\" width=\"1125\" height=\"1688\" src=\"http:\/\/www.mvenzenkirchen.at\/cms\/wp-content\/uploads\/2025\/10\/IMG-20250622-WA0008.jpg\" class=\"slider-6735 slide-6807 msDefaultImage\" alt=\"\" rel=\"\" title=\"\" style=\"margin: 0 auto; width: 28.5629654705%\" srcset=\"http:\/\/www.mvenzenkirchen.at\/cms\/wp-content\/uploads\/2025\/10\/IMG-20250622-WA0008.jpg 1125w, http:\/\/www.mvenzenkirchen.at\/cms\/wp-content\/uploads\/2025\/10\/IMG-20250622-WA0008-200x300.jpg 200w, http:\/\/www.mvenzenkirchen.at\/cms\/wp-content\/uploads\/2025\/10\/IMG-20250622-WA0008-682x1024.jpg 682w, http:\/\/www.mvenzenkirchen.at\/cms\/wp-content\/uploads\/2025\/10\/IMG-20250622-WA0008-768x1152.jpg 768w, http:\/\/www.mvenzenkirchen.at\/cms\/wp-content\/uploads\/2025\/10\/IMG-20250622-WA0008-1024x1536.jpg 1024w\" sizes=\"(max-width: 1125px) 100vw, 1125px\" \/><\/li>\n                <li style=\"display: none; width: 100%;\" class=\"slide-6836 ms-image \" aria-roledescription=\"slide\" data-date=\"2025-10-25 19:27:51\" data-filename=\"Vanessa_Markus_Hochzeit-1161-scaled.jpg\" data-slide-type=\"image\"><img loading=\"lazy\" decoding=\"async\" width=\"2560\" height=\"1707\" src=\"http:\/\/www.mvenzenkirchen.at\/cms\/wp-content\/uploads\/2025\/10\/Vanessa_Markus_Hochzeit-1161-scaled.jpg\" class=\"slider-6735 slide-6836 msDefaultImage\" alt=\"\" rel=\"\" title=\"\" style=\"margin: 0 auto; width: 64.273160934%\" srcset=\"http:\/\/www.mvenzenkirchen.at\/cms\/wp-content\/uploads\/2025\/10\/Vanessa_Markus_Hochzeit-1161-scaled.jpg 2560w, http:\/\/www.mvenzenkirchen.at\/cms\/wp-content\/uploads\/2025\/10\/Vanessa_Markus_Hochzeit-1161-300x200.jpg 300w, http:\/\/www.mvenzenkirchen.at\/cms\/wp-content\/uploads\/2025\/10\/Vanessa_Markus_Hochzeit-1161-1024x683.jpg 1024w, http:\/\/www.mvenzenkirchen.at\/cms\/wp-content\/uploads\/2025\/10\/Vanessa_Markus_Hochzeit-1161-768x512.jpg 768w, http:\/\/www.mvenzenkirchen.at\/cms\/wp-content\/uploads\/2025\/10\/Vanessa_Markus_Hochzeit-1161-1536x1024.jpg 1536w, http:\/\/www.mvenzenkirchen.at\/cms\/wp-content\/uploads\/2025\/10\/Vanessa_Markus_Hochzeit-1161-2048x1365.jpg 2048w, http:\/\/www.mvenzenkirchen.at\/cms\/wp-content\/uploads\/2025\/10\/Vanessa_Markus_Hochzeit-1161-272x182.jpg 272w\" sizes=\"(max-width: 2560px) 100vw, 2560px\" \/><div class=\"caption-wrap\"><div class=\"caption\">\u00a9die belichterei<\/div><\/div><\/li>\n                <li style=\"display: none; width: 100%;\" class=\"slide-6837 ms-image \" aria-roledescription=\"slide\" data-date=\"2025-10-25 19:27:51\" data-filename=\"Vanessa_Markus_Hochzeit-1171-scaled.jpg\" data-slide-type=\"image\"><img loading=\"lazy\" decoding=\"async\" width=\"2560\" height=\"1707\" src=\"http:\/\/www.mvenzenkirchen.at\/cms\/wp-content\/uploads\/2025\/10\/Vanessa_Markus_Hochzeit-1171-scaled.jpg\" class=\"slider-6735 slide-6837 msDefaultImage\" alt=\"\" rel=\"\" title=\"\" style=\"margin: 0 auto; width: 64.273160934%\" srcset=\"http:\/\/www.mvenzenkirchen.at\/cms\/wp-content\/uploads\/2025\/10\/Vanessa_Markus_Hochzeit-1171-scaled.jpg 2560w, http:\/\/www.mvenzenkirchen.at\/cms\/wp-content\/uploads\/2025\/10\/Vanessa_Markus_Hochzeit-1171-300x200.jpg 300w, http:\/\/www.mvenzenkirchen.at\/cms\/wp-content\/uploads\/2025\/10\/Vanessa_Markus_Hochzeit-1171-1024x683.jpg 1024w, http:\/\/www.mvenzenkirchen.at\/cms\/wp-content\/uploads\/2025\/10\/Vanessa_Markus_Hochzeit-1171-768x512.jpg 768w, http:\/\/www.mvenzenkirchen.at\/cms\/wp-content\/uploads\/2025\/10\/Vanessa_Markus_Hochzeit-1171-1536x1024.jpg 1536w, http:\/\/www.mvenzenkirchen.at\/cms\/wp-content\/uploads\/2025\/10\/Vanessa_Markus_Hochzeit-1171-2048x1365.jpg 2048w, http:\/\/www.mvenzenkirchen.at\/cms\/wp-content\/uploads\/2025\/10\/Vanessa_Markus_Hochzeit-1171-272x182.jpg 272w\" sizes=\"(max-width: 2560px) 100vw, 2560px\" \/><div class=\"caption-wrap\"><div class=\"caption\">\u00a9die belichterei<\/div><\/div><\/li>\n                <li style=\"display: none; width: 100%;\" class=\"slide-6838 ms-image \" aria-roledescription=\"slide\" data-date=\"2025-10-25 19:27:51\" data-filename=\"Vanessa_Markus_Hochzeit-1172-scaled.jpg\" data-slide-type=\"image\"><img loading=\"lazy\" decoding=\"async\" width=\"2560\" height=\"1707\" src=\"http:\/\/www.mvenzenkirchen.at\/cms\/wp-content\/uploads\/2025\/10\/Vanessa_Markus_Hochzeit-1172-scaled.jpg\" class=\"slider-6735 slide-6838 msDefaultImage\" alt=\"\" rel=\"\" title=\"\" style=\"margin: 0 auto; width: 64.273160934%\" srcset=\"http:\/\/www.mvenzenkirchen.at\/cms\/wp-content\/uploads\/2025\/10\/Vanessa_Markus_Hochzeit-1172-scaled.jpg 2560w, http:\/\/www.mvenzenkirchen.at\/cms\/wp-content\/uploads\/2025\/10\/Vanessa_Markus_Hochzeit-1172-300x200.jpg 300w, http:\/\/www.mvenzenkirchen.at\/cms\/wp-content\/uploads\/2025\/10\/Vanessa_Markus_Hochzeit-1172-1024x683.jpg 1024w, http:\/\/www.mvenzenkirchen.at\/cms\/wp-content\/uploads\/2025\/10\/Vanessa_Markus_Hochzeit-1172-768x512.jpg 768w, http:\/\/www.mvenzenkirchen.at\/cms\/wp-content\/uploads\/2025\/10\/Vanessa_Markus_Hochzeit-1172-1536x1024.jpg 1536w, http:\/\/www.mvenzenkirchen.at\/cms\/wp-content\/uploads\/2025\/10\/Vanessa_Markus_Hochzeit-1172-2048x1365.jpg 2048w, http:\/\/www.mvenzenkirchen.at\/cms\/wp-content\/uploads\/2025\/10\/Vanessa_Markus_Hochzeit-1172-272x182.jpg 272w\" sizes=\"(max-width: 2560px) 100vw, 2560px\" \/><div class=\"caption-wrap\"><div class=\"caption\">\u00a9die belichterei<\/div><\/div><\/li>\n                <li style=\"display: none; width: 100%;\" class=\"slide-6839 ms-image \" aria-roledescription=\"slide\" data-date=\"2025-10-25 19:27:51\" data-filename=\"Vanessa_Markus_Hochzeit-1174-scaled.jpg\" data-slide-type=\"image\"><img loading=\"lazy\" decoding=\"async\" width=\"2560\" height=\"1707\" src=\"http:\/\/www.mvenzenkirchen.at\/cms\/wp-content\/uploads\/2025\/10\/Vanessa_Markus_Hochzeit-1174-scaled.jpg\" class=\"slider-6735 slide-6839 msDefaultImage\" alt=\"\" rel=\"\" title=\"\" style=\"margin: 0 auto; width: 64.273160934%\" srcset=\"http:\/\/www.mvenzenkirchen.at\/cms\/wp-content\/uploads\/2025\/10\/Vanessa_Markus_Hochzeit-1174-scaled.jpg 2560w, http:\/\/www.mvenzenkirchen.at\/cms\/wp-content\/uploads\/2025\/10\/Vanessa_Markus_Hochzeit-1174-300x200.jpg 300w, http:\/\/www.mvenzenkirchen.at\/cms\/wp-content\/uploads\/2025\/10\/Vanessa_Markus_Hochzeit-1174-1024x683.jpg 1024w, http:\/\/www.mvenzenkirchen.at\/cms\/wp-content\/uploads\/2025\/10\/Vanessa_Markus_Hochzeit-1174-768x512.jpg 768w, http:\/\/www.mvenzenkirchen.at\/cms\/wp-content\/uploads\/2025\/10\/Vanessa_Markus_Hochzeit-1174-1536x1024.jpg 1536w, http:\/\/www.mvenzenkirchen.at\/cms\/wp-content\/uploads\/2025\/10\/Vanessa_Markus_Hochzeit-1174-2048x1365.jpg 2048w, http:\/\/www.mvenzenkirchen.at\/cms\/wp-content\/uploads\/2025\/10\/Vanessa_Markus_Hochzeit-1174-272x182.jpg 272w\" sizes=\"(max-width: 2560px) 100vw, 2560px\" \/><div class=\"caption-wrap\"><div class=\"caption\">\u00a9die belichterei<\/div><\/div><\/li>\n                <li style=\"display: none; width: 100%;\" class=\"slide-6840 ms-image \" aria-roledescription=\"slide\" data-date=\"2025-10-25 19:27:51\" data-filename=\"Vanessa_Markus_Hochzeit-1176-scaled.jpg\" data-slide-type=\"image\"><img loading=\"lazy\" decoding=\"async\" width=\"2560\" height=\"1707\" src=\"http:\/\/www.mvenzenkirchen.at\/cms\/wp-content\/uploads\/2025\/10\/Vanessa_Markus_Hochzeit-1176-scaled.jpg\" class=\"slider-6735 slide-6840 msDefaultImage\" alt=\"\" rel=\"\" title=\"\" style=\"margin: 0 auto; width: 64.273160934%\" srcset=\"http:\/\/www.mvenzenkirchen.at\/cms\/wp-content\/uploads\/2025\/10\/Vanessa_Markus_Hochzeit-1176-scaled.jpg 2560w, http:\/\/www.mvenzenkirchen.at\/cms\/wp-content\/uploads\/2025\/10\/Vanessa_Markus_Hochzeit-1176-300x200.jpg 300w, http:\/\/www.mvenzenkirchen.at\/cms\/wp-content\/uploads\/2025\/10\/Vanessa_Markus_Hochzeit-1176-1024x683.jpg 1024w, http:\/\/www.mvenzenkirchen.at\/cms\/wp-content\/uploads\/2025\/10\/Vanessa_Markus_Hochzeit-1176-768x512.jpg 768w, http:\/\/www.mvenzenkirchen.at\/cms\/wp-content\/uploads\/2025\/10\/Vanessa_Markus_Hochzeit-1176-1536x1024.jpg 1536w, http:\/\/www.mvenzenkirchen.at\/cms\/wp-content\/uploads\/2025\/10\/Vanessa_Markus_Hochzeit-1176-2048x1365.jpg 2048w, http:\/\/www.mvenzenkirchen.at\/cms\/wp-content\/uploads\/2025\/10\/Vanessa_Markus_Hochzeit-1176-272x182.jpg 272w\" sizes=\"(max-width: 2560px) 100vw, 2560px\" \/><div class=\"caption-wrap\"><div class=\"caption\">\u00a9die belichterei<\/div><\/div><\/li>\n                <li style=\"display: none; width: 100%;\" class=\"slide-6841 ms-image \" aria-roledescription=\"slide\" data-date=\"2025-10-25 19:27:51\" data-filename=\"Vanessa_Markus_Hochzeit-1179-scaled.jpg\" data-slide-type=\"image\"><img loading=\"lazy\" decoding=\"async\" width=\"2560\" height=\"1707\" src=\"http:\/\/www.mvenzenkirchen.at\/cms\/wp-content\/uploads\/2025\/10\/Vanessa_Markus_Hochzeit-1179-scaled.jpg\" class=\"slider-6735 slide-6841 msDefaultImage\" alt=\"\" rel=\"\" title=\"\" style=\"margin: 0 auto; width: 64.273160934%\" srcset=\"http:\/\/www.mvenzenkirchen.at\/cms\/wp-content\/uploads\/2025\/10\/Vanessa_Markus_Hochzeit-1179-scaled.jpg 2560w, http:\/\/www.mvenzenkirchen.at\/cms\/wp-content\/uploads\/2025\/10\/Vanessa_Markus_Hochzeit-1179-300x200.jpg 300w, http:\/\/www.mvenzenkirchen.at\/cms\/wp-content\/uploads\/2025\/10\/Vanessa_Markus_Hochzeit-1179-1024x683.jpg 1024w, http:\/\/www.mvenzenkirchen.at\/cms\/wp-content\/uploads\/2025\/10\/Vanessa_Markus_Hochzeit-1179-768x512.jpg 768w, http:\/\/www.mvenzenkirchen.at\/cms\/wp-content\/uploads\/2025\/10\/Vanessa_Markus_Hochzeit-1179-1536x1024.jpg 1536w, http:\/\/www.mvenzenkirchen.at\/cms\/wp-content\/uploads\/2025\/10\/Vanessa_Markus_Hochzeit-1179-2048x1365.jpg 2048w, http:\/\/www.mvenzenkirchen.at\/cms\/wp-content\/uploads\/2025\/10\/Vanessa_Markus_Hochzeit-1179-272x182.jpg 272w\" sizes=\"(max-width: 2560px) 100vw, 2560px\" \/><div class=\"caption-wrap\"><div class=\"caption\">\u00a9die belichterei<\/div><\/div><\/li>\n                <li style=\"display: none; width: 100%;\" class=\"slide-6842 ms-image \" aria-roledescription=\"slide\" data-date=\"2025-10-25 19:27:51\" data-filename=\"Vanessa_Markus_Hochzeit-1180-scaled.jpg\" data-slide-type=\"image\"><img loading=\"lazy\" decoding=\"async\" width=\"2560\" height=\"1707\" src=\"http:\/\/www.mvenzenkirchen.at\/cms\/wp-content\/uploads\/2025\/10\/Vanessa_Markus_Hochzeit-1180-scaled.jpg\" class=\"slider-6735 slide-6842 msDefaultImage\" alt=\"\" rel=\"\" title=\"\" style=\"margin: 0 auto; width: 64.273160934%\" srcset=\"http:\/\/www.mvenzenkirchen.at\/cms\/wp-content\/uploads\/2025\/10\/Vanessa_Markus_Hochzeit-1180-scaled.jpg 2560w, http:\/\/www.mvenzenkirchen.at\/cms\/wp-content\/uploads\/2025\/10\/Vanessa_Markus_Hochzeit-1180-300x200.jpg 300w, http:\/\/www.mvenzenkirchen.at\/cms\/wp-content\/uploads\/2025\/10\/Vanessa_Markus_Hochzeit-1180-1024x683.jpg 1024w, http:\/\/www.mvenzenkirchen.at\/cms\/wp-content\/uploads\/2025\/10\/Vanessa_Markus_Hochzeit-1180-768x512.jpg 768w, http:\/\/www.mvenzenkirchen.at\/cms\/wp-content\/uploads\/2025\/10\/Vanessa_Markus_Hochzeit-1180-1536x1024.jpg 1536w, http:\/\/www.mvenzenkirchen.at\/cms\/wp-content\/uploads\/2025\/10\/Vanessa_Markus_Hochzeit-1180-2048x1365.jpg 2048w, http:\/\/www.mvenzenkirchen.at\/cms\/wp-content\/uploads\/2025\/10\/Vanessa_Markus_Hochzeit-1180-272x182.jpg 272w\" sizes=\"(max-width: 2560px) 100vw, 2560px\" \/><div class=\"caption-wrap\"><div class=\"caption\">\u00a9die belichterei<\/div><\/div><\/li>\n                <li style=\"display: none; width: 100%;\" class=\"slide-6843 ms-image \" aria-roledescription=\"slide\" data-date=\"2025-10-25 19:27:51\" data-filename=\"Vanessa_Markus_Hochzeit-1187-scaled.jpg\" data-slide-type=\"image\"><img loading=\"lazy\" decoding=\"async\" width=\"2560\" height=\"1707\" src=\"http:\/\/www.mvenzenkirchen.at\/cms\/wp-content\/uploads\/2025\/10\/Vanessa_Markus_Hochzeit-1187-scaled.jpg\" class=\"slider-6735 slide-6843 msDefaultImage\" alt=\"\" rel=\"\" title=\"\" style=\"margin: 0 auto; width: 64.273160934%\" srcset=\"http:\/\/www.mvenzenkirchen.at\/cms\/wp-content\/uploads\/2025\/10\/Vanessa_Markus_Hochzeit-1187-scaled.jpg 2560w, http:\/\/www.mvenzenkirchen.at\/cms\/wp-content\/uploads\/2025\/10\/Vanessa_Markus_Hochzeit-1187-300x200.jpg 300w, http:\/\/www.mvenzenkirchen.at\/cms\/wp-content\/uploads\/2025\/10\/Vanessa_Markus_Hochzeit-1187-1024x683.jpg 1024w, http:\/\/www.mvenzenkirchen.at\/cms\/wp-content\/uploads\/2025\/10\/Vanessa_Markus_Hochzeit-1187-768x512.jpg 768w, http:\/\/www.mvenzenkirchen.at\/cms\/wp-content\/uploads\/2025\/10\/Vanessa_Markus_Hochzeit-1187-1536x1024.jpg 1536w, http:\/\/www.mvenzenkirchen.at\/cms\/wp-content\/uploads\/2025\/10\/Vanessa_Markus_Hochzeit-1187-2048x1365.jpg 2048w, http:\/\/www.mvenzenkirchen.at\/cms\/wp-content\/uploads\/2025\/10\/Vanessa_Markus_Hochzeit-1187-272x182.jpg 272w\" sizes=\"(max-width: 2560px) 100vw, 2560px\" \/><div class=\"caption-wrap\"><div class=\"caption\">\u00a9die belichterei<\/div><\/div><\/li>\n                <li style=\"display: none; width: 100%;\" class=\"slide-6844 ms-image \" aria-roledescription=\"slide\" data-date=\"2025-10-25 19:27:51\" data-filename=\"Vanessa_Markus_Hochzeit-1202-scaled.jpg\" data-slide-type=\"image\"><img loading=\"lazy\" decoding=\"async\" width=\"2560\" height=\"1707\" src=\"http:\/\/www.mvenzenkirchen.at\/cms\/wp-content\/uploads\/2025\/10\/Vanessa_Markus_Hochzeit-1202-scaled.jpg\" class=\"slider-6735 slide-6844 msDefaultImage\" alt=\"\" rel=\"\" title=\"\" style=\"margin: 0 auto; width: 64.273160934%\" srcset=\"http:\/\/www.mvenzenkirchen.at\/cms\/wp-content\/uploads\/2025\/10\/Vanessa_Markus_Hochzeit-1202-scaled.jpg 2560w, http:\/\/www.mvenzenkirchen.at\/cms\/wp-content\/uploads\/2025\/10\/Vanessa_Markus_Hochzeit-1202-300x200.jpg 300w, http:\/\/www.mvenzenkirchen.at\/cms\/wp-content\/uploads\/2025\/10\/Vanessa_Markus_Hochzeit-1202-1024x683.jpg 1024w, http:\/\/www.mvenzenkirchen.at\/cms\/wp-content\/uploads\/2025\/10\/Vanessa_Markus_Hochzeit-1202-768x512.jpg 768w, http:\/\/www.mvenzenkirchen.at\/cms\/wp-content\/uploads\/2025\/10\/Vanessa_Markus_Hochzeit-1202-1536x1024.jpg 1536w, http:\/\/www.mvenzenkirchen.at\/cms\/wp-content\/uploads\/2025\/10\/Vanessa_Markus_Hochzeit-1202-2048x1365.jpg 2048w, http:\/\/www.mvenzenkirchen.at\/cms\/wp-content\/uploads\/2025\/10\/Vanessa_Markus_Hochzeit-1202-272x182.jpg 272w\" sizes=\"(max-width: 2560px) 100vw, 2560px\" \/><div class=\"caption-wrap\"><div class=\"caption\">\u00a9die belichterei<\/div><\/div><\/li>\n                <li style=\"display: none; width: 100%;\" class=\"slide-6845 ms-image \" aria-roledescription=\"slide\" data-date=\"2025-10-25 19:27:51\" data-filename=\"Vanessa_Markus_Hochzeit-1207-scaled.jpg\" data-slide-type=\"image\"><img loading=\"lazy\" decoding=\"async\" width=\"2560\" height=\"1707\" src=\"http:\/\/www.mvenzenkirchen.at\/cms\/wp-content\/uploads\/2025\/10\/Vanessa_Markus_Hochzeit-1207-scaled.jpg\" class=\"slider-6735 slide-6845 msDefaultImage\" alt=\"\" rel=\"\" title=\"\" style=\"margin: 0 auto; width: 64.273160934%\" srcset=\"http:\/\/www.mvenzenkirchen.at\/cms\/wp-content\/uploads\/2025\/10\/Vanessa_Markus_Hochzeit-1207-scaled.jpg 2560w, http:\/\/www.mvenzenkirchen.at\/cms\/wp-content\/uploads\/2025\/10\/Vanessa_Markus_Hochzeit-1207-300x200.jpg 300w, http:\/\/www.mvenzenkirchen.at\/cms\/wp-content\/uploads\/2025\/10\/Vanessa_Markus_Hochzeit-1207-1024x683.jpg 1024w, http:\/\/www.mvenzenkirchen.at\/cms\/wp-content\/uploads\/2025\/10\/Vanessa_Markus_Hochzeit-1207-768x512.jpg 768w, http:\/\/www.mvenzenkirchen.at\/cms\/wp-content\/uploads\/2025\/10\/Vanessa_Markus_Hochzeit-1207-1536x1024.jpg 1536w, http:\/\/www.mvenzenkirchen.at\/cms\/wp-content\/uploads\/2025\/10\/Vanessa_Markus_Hochzeit-1207-2048x1365.jpg 2048w, http:\/\/www.mvenzenkirchen.at\/cms\/wp-content\/uploads\/2025\/10\/Vanessa_Markus_Hochzeit-1207-272x182.jpg 272w\" sizes=\"(max-width: 2560px) 100vw, 2560px\" \/><div class=\"caption-wrap\"><div class=\"caption\">\u00a9die belichterei<\/div><\/div><\/li>\n                <li style=\"display: none; width: 100%;\" class=\"slide-6805 ms-image \" aria-roledescription=\"slide\" data-date=\"2025-10-25 19:27:50\" data-filename=\"IMG-20250621-WA0040.jpg\" data-slide-type=\"image\"><img loading=\"lazy\" decoding=\"async\" width=\"1067\" height=\"1600\" src=\"http:\/\/www.mvenzenkirchen.at\/cms\/wp-content\/uploads\/2025\/10\/IMG-20250621-WA0040.jpg\" class=\"slider-6735 slide-6805 msDefaultImage\" alt=\"\" rel=\"\" title=\"\" style=\"margin: 0 auto; width: 28.5803571429%\" srcset=\"http:\/\/www.mvenzenkirchen.at\/cms\/wp-content\/uploads\/2025\/10\/IMG-20250621-WA0040.jpg 1067w, http:\/\/www.mvenzenkirchen.at\/cms\/wp-content\/uploads\/2025\/10\/IMG-20250621-WA0040-200x300.jpg 200w, http:\/\/www.mvenzenkirchen.at\/cms\/wp-content\/uploads\/2025\/10\/IMG-20250621-WA0040-683x1024.jpg 683w, http:\/\/www.mvenzenkirchen.at\/cms\/wp-content\/uploads\/2025\/10\/IMG-20250621-WA0040-768x1152.jpg 768w, http:\/\/www.mvenzenkirchen.at\/cms\/wp-content\/uploads\/2025\/10\/IMG-20250621-WA0040-1024x1536.jpg 1024w\" sizes=\"(max-width: 1067px) 100vw, 1067px\" \/><\/li>\n                <li style=\"display: none; width: 100%;\" class=\"slide-6846 ms-image \" aria-roledescription=\"slide\" data-date=\"2025-10-25 19:27:51\" data-filename=\"Vanessa_Markus_Hochzeit-1208-scaled.jpg\" data-slide-type=\"image\"><img loading=\"lazy\" decoding=\"async\" width=\"2560\" height=\"1707\" src=\"http:\/\/www.mvenzenkirchen.at\/cms\/wp-content\/uploads\/2025\/10\/Vanessa_Markus_Hochzeit-1208-scaled.jpg\" class=\"slider-6735 slide-6846 msDefaultImage\" alt=\"\" rel=\"\" title=\"\" style=\"margin: 0 auto; width: 64.273160934%\" srcset=\"http:\/\/www.mvenzenkirchen.at\/cms\/wp-content\/uploads\/2025\/10\/Vanessa_Markus_Hochzeit-1208-scaled.jpg 2560w, http:\/\/www.mvenzenkirchen.at\/cms\/wp-content\/uploads\/2025\/10\/Vanessa_Markus_Hochzeit-1208-300x200.jpg 300w, http:\/\/www.mvenzenkirchen.at\/cms\/wp-content\/uploads\/2025\/10\/Vanessa_Markus_Hochzeit-1208-1024x683.jpg 1024w, http:\/\/www.mvenzenkirchen.at\/cms\/wp-content\/uploads\/2025\/10\/Vanessa_Markus_Hochzeit-1208-768x512.jpg 768w, http:\/\/www.mvenzenkirchen.at\/cms\/wp-content\/uploads\/2025\/10\/Vanessa_Markus_Hochzeit-1208-1536x1024.jpg 1536w, http:\/\/www.mvenzenkirchen.at\/cms\/wp-content\/uploads\/2025\/10\/Vanessa_Markus_Hochzeit-1208-2048x1365.jpg 2048w, http:\/\/www.mvenzenkirchen.at\/cms\/wp-content\/uploads\/2025\/10\/Vanessa_Markus_Hochzeit-1208-272x182.jpg 272w\" sizes=\"(max-width: 2560px) 100vw, 2560px\" \/><div class=\"caption-wrap\"><div class=\"caption\">\u00a9die belichterei<\/div><\/div><\/li>\n                <li style=\"display: none; width: 100%;\" class=\"slide-6847 ms-image \" aria-roledescription=\"slide\" data-date=\"2025-10-25 19:27:51\" data-filename=\"Vanessa_Markus_Hochzeit-1210-scaled.jpg\" data-slide-type=\"image\"><img loading=\"lazy\" decoding=\"async\" width=\"2560\" height=\"1707\" src=\"http:\/\/www.mvenzenkirchen.at\/cms\/wp-content\/uploads\/2025\/10\/Vanessa_Markus_Hochzeit-1210-scaled.jpg\" class=\"slider-6735 slide-6847 msDefaultImage\" alt=\"\" rel=\"\" title=\"\" style=\"margin: 0 auto; width: 64.273160934%\" srcset=\"http:\/\/www.mvenzenkirchen.at\/cms\/wp-content\/uploads\/2025\/10\/Vanessa_Markus_Hochzeit-1210-scaled.jpg 2560w, http:\/\/www.mvenzenkirchen.at\/cms\/wp-content\/uploads\/2025\/10\/Vanessa_Markus_Hochzeit-1210-300x200.jpg 300w, http:\/\/www.mvenzenkirchen.at\/cms\/wp-content\/uploads\/2025\/10\/Vanessa_Markus_Hochzeit-1210-1024x683.jpg 1024w, http:\/\/www.mvenzenkirchen.at\/cms\/wp-content\/uploads\/2025\/10\/Vanessa_Markus_Hochzeit-1210-768x512.jpg 768w, http:\/\/www.mvenzenkirchen.at\/cms\/wp-content\/uploads\/2025\/10\/Vanessa_Markus_Hochzeit-1210-1536x1024.jpg 1536w, http:\/\/www.mvenzenkirchen.at\/cms\/wp-content\/uploads\/2025\/10\/Vanessa_Markus_Hochzeit-1210-2048x1365.jpg 2048w, http:\/\/www.mvenzenkirchen.at\/cms\/wp-content\/uploads\/2025\/10\/Vanessa_Markus_Hochzeit-1210-272x182.jpg 272w\" sizes=\"(max-width: 2560px) 100vw, 2560px\" \/><div class=\"caption-wrap\"><div class=\"caption\">\u00a9die belichterei<\/div><\/div><\/li>\n                <li style=\"display: none; width: 100%;\" class=\"slide-6804 ms-image \" aria-roledescription=\"slide\" data-date=\"2025-10-25 19:27:50\" data-filename=\"IMG-20250621-WA0039.jpg\" data-slide-type=\"image\"><img loading=\"lazy\" decoding=\"async\" width=\"1067\" height=\"1600\" src=\"http:\/\/www.mvenzenkirchen.at\/cms\/wp-content\/uploads\/2025\/10\/IMG-20250621-WA0039.jpg\" class=\"slider-6735 slide-6804 msDefaultImage\" alt=\"\" rel=\"\" title=\"\" style=\"margin: 0 auto; width: 28.5803571429%\" srcset=\"http:\/\/www.mvenzenkirchen.at\/cms\/wp-content\/uploads\/2025\/10\/IMG-20250621-WA0039.jpg 1067w, http:\/\/www.mvenzenkirchen.at\/cms\/wp-content\/uploads\/2025\/10\/IMG-20250621-WA0039-200x300.jpg 200w, http:\/\/www.mvenzenkirchen.at\/cms\/wp-content\/uploads\/2025\/10\/IMG-20250621-WA0039-683x1024.jpg 683w, http:\/\/www.mvenzenkirchen.at\/cms\/wp-content\/uploads\/2025\/10\/IMG-20250621-WA0039-768x1152.jpg 768w, http:\/\/www.mvenzenkirchen.at\/cms\/wp-content\/uploads\/2025\/10\/IMG-20250621-WA0039-1024x1536.jpg 1024w\" sizes=\"(max-width: 1067px) 100vw, 1067px\" \/><\/li>\n                <li style=\"display: none; width: 100%;\" class=\"slide-6848 ms-image \" aria-roledescription=\"slide\" data-date=\"2025-10-25 19:27:52\" data-filename=\"Vanessa_Markus_Hochzeit-1213-scaled.jpg\" data-slide-type=\"image\"><img loading=\"lazy\" decoding=\"async\" width=\"2560\" height=\"1707\" src=\"http:\/\/www.mvenzenkirchen.at\/cms\/wp-content\/uploads\/2025\/10\/Vanessa_Markus_Hochzeit-1213-scaled.jpg\" class=\"slider-6735 slide-6848 msDefaultImage\" alt=\"\" rel=\"\" title=\"\" style=\"margin: 0 auto; width: 64.273160934%\" srcset=\"http:\/\/www.mvenzenkirchen.at\/cms\/wp-content\/uploads\/2025\/10\/Vanessa_Markus_Hochzeit-1213-scaled.jpg 2560w, http:\/\/www.mvenzenkirchen.at\/cms\/wp-content\/uploads\/2025\/10\/Vanessa_Markus_Hochzeit-1213-300x200.jpg 300w, http:\/\/www.mvenzenkirchen.at\/cms\/wp-content\/uploads\/2025\/10\/Vanessa_Markus_Hochzeit-1213-1024x683.jpg 1024w, http:\/\/www.mvenzenkirchen.at\/cms\/wp-content\/uploads\/2025\/10\/Vanessa_Markus_Hochzeit-1213-768x512.jpg 768w, http:\/\/www.mvenzenkirchen.at\/cms\/wp-content\/uploads\/2025\/10\/Vanessa_Markus_Hochzeit-1213-1536x1024.jpg 1536w, http:\/\/www.mvenzenkirchen.at\/cms\/wp-content\/uploads\/2025\/10\/Vanessa_Markus_Hochzeit-1213-2048x1365.jpg 2048w, http:\/\/www.mvenzenkirchen.at\/cms\/wp-content\/uploads\/2025\/10\/Vanessa_Markus_Hochzeit-1213-272x182.jpg 272w\" sizes=\"(max-width: 2560px) 100vw, 2560px\" \/><div class=\"caption-wrap\"><div class=\"caption\">\u00a9die belichterei<\/div><\/div><\/li>\n                <li style=\"display: none; width: 100%;\" class=\"slide-6849 ms-image \" aria-roledescription=\"slide\" data-date=\"2025-10-25 19:27:52\" data-filename=\"Vanessa_Markus_Hochzeit-1229-scaled.jpg\" data-slide-type=\"image\"><img loading=\"lazy\" decoding=\"async\" width=\"2560\" height=\"1707\" src=\"http:\/\/www.mvenzenkirchen.at\/cms\/wp-content\/uploads\/2025\/10\/Vanessa_Markus_Hochzeit-1229-scaled.jpg\" class=\"slider-6735 slide-6849 msDefaultImage\" alt=\"\" rel=\"\" title=\"\" style=\"margin: 0 auto; width: 64.273160934%\" srcset=\"http:\/\/www.mvenzenkirchen.at\/cms\/wp-content\/uploads\/2025\/10\/Vanessa_Markus_Hochzeit-1229-scaled.jpg 2560w, http:\/\/www.mvenzenkirchen.at\/cms\/wp-content\/uploads\/2025\/10\/Vanessa_Markus_Hochzeit-1229-300x200.jpg 300w, http:\/\/www.mvenzenkirchen.at\/cms\/wp-content\/uploads\/2025\/10\/Vanessa_Markus_Hochzeit-1229-1024x683.jpg 1024w, http:\/\/www.mvenzenkirchen.at\/cms\/wp-content\/uploads\/2025\/10\/Vanessa_Markus_Hochzeit-1229-768x512.jpg 768w, http:\/\/www.mvenzenkirchen.at\/cms\/wp-content\/uploads\/2025\/10\/Vanessa_Markus_Hochzeit-1229-1536x1024.jpg 1536w, http:\/\/www.mvenzenkirchen.at\/cms\/wp-content\/uploads\/2025\/10\/Vanessa_Markus_Hochzeit-1229-2048x1365.jpg 2048w, http:\/\/www.mvenzenkirchen.at\/cms\/wp-content\/uploads\/2025\/10\/Vanessa_Markus_Hochzeit-1229-272x182.jpg 272w\" sizes=\"(max-width: 2560px) 100vw, 2560px\" \/><div class=\"caption-wrap\"><div class=\"caption\">\u00a9die belichterei<\/div><\/div><\/li>\n                <li style=\"display: none; width: 100%;\" class=\"slide-6850 ms-image \" aria-roledescription=\"slide\" data-date=\"2025-10-25 19:27:52\" data-filename=\"Vanessa_Markus_Hochzeit-1234-scaled.jpg\" data-slide-type=\"image\"><img loading=\"lazy\" decoding=\"async\" width=\"2560\" height=\"1707\" src=\"http:\/\/www.mvenzenkirchen.at\/cms\/wp-content\/uploads\/2025\/10\/Vanessa_Markus_Hochzeit-1234-scaled.jpg\" class=\"slider-6735 slide-6850 msDefaultImage\" alt=\"\" rel=\"\" title=\"\" style=\"margin: 0 auto; width: 64.273160934%\" srcset=\"http:\/\/www.mvenzenkirchen.at\/cms\/wp-content\/uploads\/2025\/10\/Vanessa_Markus_Hochzeit-1234-scaled.jpg 2560w, http:\/\/www.mvenzenkirchen.at\/cms\/wp-content\/uploads\/2025\/10\/Vanessa_Markus_Hochzeit-1234-300x200.jpg 300w, http:\/\/www.mvenzenkirchen.at\/cms\/wp-content\/uploads\/2025\/10\/Vanessa_Markus_Hochzeit-1234-1024x683.jpg 1024w, http:\/\/www.mvenzenkirchen.at\/cms\/wp-content\/uploads\/2025\/10\/Vanessa_Markus_Hochzeit-1234-768x512.jpg 768w, http:\/\/www.mvenzenkirchen.at\/cms\/wp-content\/uploads\/2025\/10\/Vanessa_Markus_Hochzeit-1234-1536x1024.jpg 1536w, http:\/\/www.mvenzenkirchen.at\/cms\/wp-content\/uploads\/2025\/10\/Vanessa_Markus_Hochzeit-1234-2048x1365.jpg 2048w, http:\/\/www.mvenzenkirchen.at\/cms\/wp-content\/uploads\/2025\/10\/Vanessa_Markus_Hochzeit-1234-272x182.jpg 272w\" sizes=\"(max-width: 2560px) 100vw, 2560px\" \/><div class=\"caption-wrap\"><div class=\"caption\">\u00a9die belichterei<\/div><\/div><\/li>\n                <li style=\"display: none; width: 100%;\" class=\"slide-6835 ms-image \" aria-roledescription=\"slide\" data-date=\"2025-10-25 19:27:51\" data-filename=\"Vanessa_Markus_Hochzeit-983-scaled.jpg\" data-slide-type=\"image\"><img loading=\"lazy\" decoding=\"async\" width=\"1707\" height=\"2560\" src=\"http:\/\/www.mvenzenkirchen.at\/cms\/wp-content\/uploads\/2025\/10\/Vanessa_Markus_Hochzeit-983-scaled.jpg\" class=\"slider-6735 slide-6835 msDefaultImage\" alt=\"\" rel=\"\" title=\"\" style=\"margin: 0 auto; width: 28.5770089286%\" srcset=\"http:\/\/www.mvenzenkirchen.at\/cms\/wp-content\/uploads\/2025\/10\/Vanessa_Markus_Hochzeit-983-scaled.jpg 1707w, http:\/\/www.mvenzenkirchen.at\/cms\/wp-content\/uploads\/2025\/10\/Vanessa_Markus_Hochzeit-983-200x300.jpg 200w, http:\/\/www.mvenzenkirchen.at\/cms\/wp-content\/uploads\/2025\/10\/Vanessa_Markus_Hochzeit-983-683x1024.jpg 683w, http:\/\/www.mvenzenkirchen.at\/cms\/wp-content\/uploads\/2025\/10\/Vanessa_Markus_Hochzeit-983-768x1152.jpg 768w, http:\/\/www.mvenzenkirchen.at\/cms\/wp-content\/uploads\/2025\/10\/Vanessa_Markus_Hochzeit-983-1024x1536.jpg 1024w, http:\/\/www.mvenzenkirchen.at\/cms\/wp-content\/uploads\/2025\/10\/Vanessa_Markus_Hochzeit-983-1365x2048.jpg 1365w\" sizes=\"(max-width: 1707px) 100vw, 1707px\" \/><div class=\"caption-wrap\"><div class=\"caption\">\u00a9die belichterei<\/div><\/div><\/li>\n            <\/ul>\n        <\/div>\n        \n    <\/div>\n<\/div>\n\n\n\n<p>DANKE an die belichterei f\u00fcr die sch\u00f6nen Aufnahme! <\/p>\n","protected":false},"excerpt":{"rendered":"<p>Unsere erste Musihochzeit des Jahres f\u00fchrte uns am 21. Juni nach Traunkirchen, wo [&hellip;]<\/p>\n","protected":false},"author":3,"featured_media":6855,"comment_status":"closed","ping_status":"closed","sticky":false,"template":"","format":"standard","meta":{"footnotes":""},"categories":[1],"tags":[],"class_list":["post-6733","post","type-post","status-publish","format-standard","has-post-thumbnail","hentry","category-akutelles"],"_links":{"self":[{"href":"http:\/\/www.mvenzenkirchen.at\/cms\/wp-json\/wp\/v2\/posts\/6733","targetHints":{"allow":["GET"]}}],"collection":[{"href":"http:\/\/www.mvenzenkirchen.at\/cms\/wp-json\/wp\/v2\/posts"}],"about":[{"href":"http:\/\/www.mvenzenkirchen.at\/cms\/wp-json\/wp\/v2\/types\/post"}],"author":[{"embeddable":true,"href":"http:\/\/www.mvenzenkirchen.at\/cms\/wp-json\/wp\/v2\/users\/3"}],"replies":[{"embeddable":true,"href":"http:\/\/www.mvenzenkirchen.at\/cms\/wp-json\/wp\/v2\/comments?post=6733"}],"version-history":[{"count":4,"href":"http:\/\/www.mvenzenkirchen.at\/cms\/wp-json\/wp\/v2\/posts\/6733\/revisions"}],"predecessor-version":[{"id":6854,"href":"http:\/\/www.mvenzenkirchen.at\/cms\/wp-json\/wp\/v2\/posts\/6733\/revisions\/6854"}],"wp:featuredmedia":[{"embeddable":true,"href":"http:\/\/www.mvenzenkirchen.at\/cms\/wp-json\/wp\/v2\/media\/6855"}],"wp:attachment":[{"href":"http:\/\/www.mvenzenkirchen.at\/cms\/wp-json\/wp\/v2\/media?parent=6733"}],"wp:term":[{"taxonomy":"category","embeddable":true,"href":"http:\/\/www.mvenzenkirchen.at\/cms\/wp-json\/wp\/v2\/categories?post=6733"},{"taxonomy":"post_tag","embeddable":true,"href":"http:\/\/www.mvenzenkirchen.at\/cms\/wp-json\/wp\/v2\/tags?post=6733"}],"curies":[{"name":"wp","href":"https:\/\/api.w.org\/{rel}","templated":true}]}}