{"id":6857,"date":"2025-12-06T11:08:11","date_gmt":"2025-12-06T09:08:11","guid":{"rendered":"http:\/\/www.mvenzenkirchen.at\/cms\/?p=6857"},"modified":"2025-12-06T11:08:12","modified_gmt":"2025-12-06T09:08:12","slug":"matthias-bei-der-militaermusik-ooe","status":"publish","type":"post","link":"http:\/\/www.mvenzenkirchen.at\/cms\/matthias-bei-der-militaermusik-ooe\/","title":{"rendered":"Matthias bei der Milit\u00e4rmusik O\u00d6"},"content":{"rendered":"<p>Wie schon viele Enzenkirchner vor ihm schlie\u00dft sich nun auch unser Schlagwerker Matthias Gr\u00fcneis der Reihe der Milit\u00e4rmusiker an. Matthias hat im August seinen Grundwehrdienst angetreten und ist seitdem f\u00fcr dreizehn Monate bei der Milit\u00e4rmusik O\u00d6.<br \/>Die Angelobung fand am 25. September in Sch\u00e4rding statt. Wenn ihr Matthias bei Auftritten der Milit\u00e4rmusik O\u00d6 erleben m\u00f6chtet, sind alle Informationen, Konzerttermine und Ausr\u00fcckungen sind unter <a href=\"http:\/\/militaermusikooe.at\/termine\/\">Termine \u2013 Milit\u00e4rmusik Ober\u00f6sterreich<\/a> einsehbar.<\/p>\n<p>Wir w\u00fcnschen Matthias eine unvergessliche Zeit und viele musikalische Erfahrungen, die er auch in unsere Musi weitertragen kann.<\/p>\n<p>\u00a0<\/p>\n\n<div id=\"metaslider-id-6860\" style=\"width: 100%;\" class=\"ml-slider-3-107-0 metaslider metaslider-flex metaslider-6860 ml-slider has-dots-nav ms-theme-default-base\" role=\"region\" aria-label=\"Matthias Milit\u00e4rmusik O\u00d6\" data-height=\"300\" data-width=\"700\">\n    <div id=\"metaslider_container_6860\">\n        <div id=\"metaslider_6860\">\n            <ul class='slides'>\n                <li style=\"display: block; width: 100%;\" class=\"slide-6865 ms-image \" aria-roledescription=\"slide\" data-date=\"2025-12-06 10:57:37\" data-filename=\"PXL_20250925_130446429_anonymized-scaled.jpg\" data-slide-type=\"image\"><img fetchpriority=\"high\" decoding=\"async\" width=\"1922\" height=\"2560\" src=\"http:\/\/www.mvenzenkirchen.at\/cms\/wp-content\/uploads\/2025\/12\/PXL_20250925_130446429_anonymized-scaled.jpg\" class=\"slider-6860 slide-6865 msDefaultImage\" alt=\"\" rel=\"\" title=\"PXL_20250925_130446429_anonymized\" style=\"margin: 0 auto; width: 32.1763392857%\" srcset=\"http:\/\/www.mvenzenkirchen.at\/cms\/wp-content\/uploads\/2025\/12\/PXL_20250925_130446429_anonymized-scaled.jpg 1922w, http:\/\/www.mvenzenkirchen.at\/cms\/wp-content\/uploads\/2025\/12\/PXL_20250925_130446429_anonymized-225x300.jpg 225w, http:\/\/www.mvenzenkirchen.at\/cms\/wp-content\/uploads\/2025\/12\/PXL_20250925_130446429_anonymized-769x1024.jpg 769w, http:\/\/www.mvenzenkirchen.at\/cms\/wp-content\/uploads\/2025\/12\/PXL_20250925_130446429_anonymized-768x1023.jpg 768w, http:\/\/www.mvenzenkirchen.at\/cms\/wp-content\/uploads\/2025\/12\/PXL_20250925_130446429_anonymized-1153x1536.jpg 1153w, http:\/\/www.mvenzenkirchen.at\/cms\/wp-content\/uploads\/2025\/12\/PXL_20250925_130446429_anonymized-1538x2048.jpg 1538w\" sizes=\"(max-width: 1922px) 100vw, 1922px\" \/><\/li>\n                <li style=\"display: none; width: 100%;\" class=\"slide-6866 ms-image \" aria-roledescription=\"slide\" data-date=\"2025-12-06 10:57:37\" data-filename=\"IMG-20251121-WA0003-1-scaled.jpg\" data-slide-type=\"image\"><img decoding=\"async\" width=\"1703\" height=\"2560\" src=\"http:\/\/www.mvenzenkirchen.at\/cms\/wp-content\/uploads\/2025\/12\/IMG-20251121-WA0003-1-scaled.jpg\" class=\"slider-6860 slide-6866 msDefaultImage\" alt=\"\" rel=\"\" title=\"IMG-20251121-WA0003 (1)\" style=\"margin: 0 auto; width: 28.5100446429%\" srcset=\"http:\/\/www.mvenzenkirchen.at\/cms\/wp-content\/uploads\/2025\/12\/IMG-20251121-WA0003-1-scaled.jpg 1703w, http:\/\/www.mvenzenkirchen.at\/cms\/wp-content\/uploads\/2025\/12\/IMG-20251121-WA0003-1-200x300.jpg 200w, http:\/\/www.mvenzenkirchen.at\/cms\/wp-content\/uploads\/2025\/12\/IMG-20251121-WA0003-1-681x1024.jpg 681w, http:\/\/www.mvenzenkirchen.at\/cms\/wp-content\/uploads\/2025\/12\/IMG-20251121-WA0003-1-768x1154.jpg 768w, http:\/\/www.mvenzenkirchen.at\/cms\/wp-content\/uploads\/2025\/12\/IMG-20251121-WA0003-1-1022x1536.jpg 1022w, http:\/\/www.mvenzenkirchen.at\/cms\/wp-content\/uploads\/2025\/12\/IMG-20251121-WA0003-1-1362x2048.jpg 1362w\" sizes=\"(max-width: 1703px) 100vw, 1703px\" \/><\/li>\n            <\/ul>\n        <\/div>\n        \n    <\/div>\n<\/div>\n","protected":false},"excerpt":{"rendered":"<p>Wie schon viele Enzenkirchner vor ihm schlie\u00dft sich nun auch unser Schlagwerker Matthias [&hellip;]<\/p>\n","protected":false},"author":3,"featured_media":6868,"comment_status":"closed","ping_status":"closed","sticky":false,"template":"","format":"standard","meta":{"footnotes":""},"categories":[1],"tags":[],"class_list":["post-6857","post","type-post","status-publish","format-standard","has-post-thumbnail","hentry","category-akutelles"],"_links":{"self":[{"href":"http:\/\/www.mvenzenkirchen.at\/cms\/wp-json\/wp\/v2\/posts\/6857","targetHints":{"allow":["GET"]}}],"collection":[{"href":"http:\/\/www.mvenzenkirchen.at\/cms\/wp-json\/wp\/v2\/posts"}],"about":[{"href":"http:\/\/www.mvenzenkirchen.at\/cms\/wp-json\/wp\/v2\/types\/post"}],"author":[{"embeddable":true,"href":"http:\/\/www.mvenzenkirchen.at\/cms\/wp-json\/wp\/v2\/users\/3"}],"replies":[{"embeddable":true,"href":"http:\/\/www.mvenzenkirchen.at\/cms\/wp-json\/wp\/v2\/comments?post=6857"}],"version-history":[{"count":6,"href":"http:\/\/www.mvenzenkirchen.at\/cms\/wp-json\/wp\/v2\/posts\/6857\/revisions"}],"predecessor-version":[{"id":6872,"href":"http:\/\/www.mvenzenkirchen.at\/cms\/wp-json\/wp\/v2\/posts\/6857\/revisions\/6872"}],"wp:featuredmedia":[{"embeddable":true,"href":"http:\/\/www.mvenzenkirchen.at\/cms\/wp-json\/wp\/v2\/media\/6868"}],"wp:attachment":[{"href":"http:\/\/www.mvenzenkirchen.at\/cms\/wp-json\/wp\/v2\/media?parent=6857"}],"wp:term":[{"taxonomy":"category","embeddable":true,"href":"http:\/\/www.mvenzenkirchen.at\/cms\/wp-json\/wp\/v2\/categories?post=6857"},{"taxonomy":"post_tag","embeddable":true,"href":"http:\/\/www.mvenzenkirchen.at\/cms\/wp-json\/wp\/v2\/tags?post=6857"}],"curies":[{"name":"wp","href":"https:\/\/api.w.org\/{rel}","templated":true}]}}