{"id":6873,"date":"2025-12-06T11:36:48","date_gmt":"2025-12-06T09:36:48","guid":{"rendered":"http:\/\/www.mvenzenkirchen.at\/cms\/?p=6873"},"modified":"2025-12-06T11:36:49","modified_gmt":"2025-12-06T09:36:49","slug":"kirchenkonzert-adventsklaenge","status":"publish","type":"post","link":"http:\/\/www.mvenzenkirchen.at\/cms\/kirchenkonzert-adventsklaenge\/","title":{"rendered":"Kirchenkonzert &#8222;Adventskl\u00e4nge&#8220;"},"content":{"rendered":"\n<p>Das Kirchenkonzert \u201eAdventskl\u00e4nge\u201c am 29. November war dank einem gro\u00dfartigen Publikum ein sch\u00f6ner Einstieg in die Adventzeit. <br>Er\u00f6ffnet wurde der Abend mit einem Bl\u00e4serensemble, bevor die MVE KIDS mit zwei St\u00fccken in die Welt der Weihnachtslieder eintauchten. Der neu gegr\u00fcndete MVE CHOR bewies, dass manche nicht nur ihre Instrumente, sondern auch ihre Stimme bestens beherrschen.<br>F\u00fcr besondere H\u00f6hepunkte sorgten das Euphoniumsolo von Alfred Strasser und das Gesangssolo von Astrid Kleinp\u00f6tzl. Gratulation zu diesen gro\u00dfartigen Leistungen!<\/p>\n\n\n\n<p>Gest\u00e4rkt wurde sich schlie\u00dflich im Pfarrheim bei Getr\u00e4nken, Gulaschsuppe und Pofesen. Somit war es f\u00fcr uns ein wundervoller Konzertabend und wir hoffen, ihr habt die Zeit mit uns und bei uns genossen!<\/p>\n\n\n\n<p>Abschlie\u00dfend vielen Dank f\u00fcr die freiwilligen Spenden und allen, die den Verein an solchen Tagen immer wieder tatkr\u00e4ftig unterst\u00fctzen und helfend unter die Arme greifen. Ein besonderer Dank geht an Alexandra Falkensteiner, die den Konzertabend f\u00fcr uns in wunderbaren Fotos festgehalten hat.<br>Danke auch an Pfarrer Anthony Alamezie sowie an den Pfarrgemeinderat unter Obmann Josef Gr\u00fcneis und Obfrau Julia Traunwieser f\u00fcr die Benutzung aller R\u00e4umlichkeiten!<\/p>\n\n\n\n<p>Mit dieser tollen Stimmung beim Konzert und im Pfarrheim freuen wir uns schon auf das n\u00e4chste Kirchenkonzert!<\/p>\n\n\n\n<p>&nbsp;<\/p>\n\n\n\n<p>&nbsp;<\/p>\n\n\n\n<p>\u00a0<\/p>\n\n\n<div id=\"metaslider-id-6875\" style=\"width: 100%;\" class=\"ml-slider-3-107-0 metaslider metaslider-flex metaslider-6875 ml-slider has-dots-nav ms-theme-default-base\" role=\"region\" aria-label=\"Adventskl\u00e4nge\" data-height=\"300\" data-width=\"700\">\n    <div id=\"metaslider_container_6875\">\n        <div id=\"metaslider_6875\">\n            <ul class='slides'>\n                <li style=\"display: block; width: 100%;\" class=\"slide-6939 ms-image \" aria-roledescription=\"slide\" data-date=\"2025-12-06 11:26:37\" data-filename=\"Kirchenkonzert_2025-31-scaled.jpg\" data-slide-type=\"image\"><img fetchpriority=\"high\" decoding=\"async\" width=\"2560\" height=\"1707\" src=\"http:\/\/www.mvenzenkirchen.at\/cms\/wp-content\/uploads\/2025\/12\/Kirchenkonzert_2025-31-scaled.jpg\" class=\"slider-6875 slide-6939 msDefaultImage\" alt=\"\" rel=\"\" title=\"Kirchenkonzert_2025 (31)\" style=\"margin: 0 auto; width: 64.273160934%\" srcset=\"http:\/\/www.mvenzenkirchen.at\/cms\/wp-content\/uploads\/2025\/12\/Kirchenkonzert_2025-31-scaled.jpg 2560w, http:\/\/www.mvenzenkirchen.at\/cms\/wp-content\/uploads\/2025\/12\/Kirchenkonzert_2025-31-300x200.jpg 300w, http:\/\/www.mvenzenkirchen.at\/cms\/wp-content\/uploads\/2025\/12\/Kirchenkonzert_2025-31-1024x683.jpg 1024w, http:\/\/www.mvenzenkirchen.at\/cms\/wp-content\/uploads\/2025\/12\/Kirchenkonzert_2025-31-768x512.jpg 768w, http:\/\/www.mvenzenkirchen.at\/cms\/wp-content\/uploads\/2025\/12\/Kirchenkonzert_2025-31-1536x1024.jpg 1536w, http:\/\/www.mvenzenkirchen.at\/cms\/wp-content\/uploads\/2025\/12\/Kirchenkonzert_2025-31-2048x1365.jpg 2048w, http:\/\/www.mvenzenkirchen.at\/cms\/wp-content\/uploads\/2025\/12\/Kirchenkonzert_2025-31-272x182.jpg 272w\" sizes=\"(max-width: 2560px) 100vw, 2560px\" \/><\/li>\n                <li style=\"display: none; width: 100%;\" class=\"slide-6927 ms-image \" aria-roledescription=\"slide\" data-date=\"2025-12-06 11:26:37\" data-filename=\"IMG-20251129-WA0031.jpg\" data-slide-type=\"image\"><img decoding=\"async\" width=\"1599\" height=\"1200\" src=\"http:\/\/www.mvenzenkirchen.at\/cms\/wp-content\/uploads\/2025\/12\/IMG-20251129-WA0031.jpg\" class=\"slider-6875 slide-6927 msDefaultImage\" alt=\"\" rel=\"\" title=\"IMG-20251129-WA0031\" style=\"margin: 0 auto; width: 57.1071428571%\" srcset=\"http:\/\/www.mvenzenkirchen.at\/cms\/wp-content\/uploads\/2025\/12\/IMG-20251129-WA0031.jpg 1599w, http:\/\/www.mvenzenkirchen.at\/cms\/wp-content\/uploads\/2025\/12\/IMG-20251129-WA0031-300x225.jpg 300w, http:\/\/www.mvenzenkirchen.at\/cms\/wp-content\/uploads\/2025\/12\/IMG-20251129-WA0031-1024x768.jpg 1024w, http:\/\/www.mvenzenkirchen.at\/cms\/wp-content\/uploads\/2025\/12\/IMG-20251129-WA0031-768x576.jpg 768w, http:\/\/www.mvenzenkirchen.at\/cms\/wp-content\/uploads\/2025\/12\/IMG-20251129-WA0031-1536x1153.jpg 1536w\" sizes=\"(max-width: 1599px) 100vw, 1599px\" \/><\/li>\n                <li style=\"display: none; width: 100%;\" class=\"slide-6925 ms-image \" aria-roledescription=\"slide\" data-date=\"2025-12-06 11:26:37\" data-filename=\"IMG-20251129-WA0028.jpg\" data-slide-type=\"image\"><img decoding=\"async\" width=\"1600\" height=\"1200\" src=\"http:\/\/www.mvenzenkirchen.at\/cms\/wp-content\/uploads\/2025\/12\/IMG-20251129-WA0028.jpg\" class=\"slider-6875 slide-6925 msDefaultImage\" alt=\"\" rel=\"\" title=\"IMG-20251129-WA0028\" style=\"margin: 0 auto; width: 57.1428571429%\" srcset=\"http:\/\/www.mvenzenkirchen.at\/cms\/wp-content\/uploads\/2025\/12\/IMG-20251129-WA0028.jpg 1600w, http:\/\/www.mvenzenkirchen.at\/cms\/wp-content\/uploads\/2025\/12\/IMG-20251129-WA0028-300x225.jpg 300w, http:\/\/www.mvenzenkirchen.at\/cms\/wp-content\/uploads\/2025\/12\/IMG-20251129-WA0028-1024x768.jpg 1024w, http:\/\/www.mvenzenkirchen.at\/cms\/wp-content\/uploads\/2025\/12\/IMG-20251129-WA0028-768x576.jpg 768w, http:\/\/www.mvenzenkirchen.at\/cms\/wp-content\/uploads\/2025\/12\/IMG-20251129-WA0028-1536x1152.jpg 1536w\" sizes=\"(max-width: 1600px) 100vw, 1600px\" \/><\/li>\n                <li style=\"display: none; width: 100%;\" class=\"slide-6937 ms-image \" aria-roledescription=\"slide\" data-date=\"2025-12-06 11:26:37\" data-filename=\"Kirchenkonzert_2025-29-scaled.jpg\" data-slide-type=\"image\"><img loading=\"lazy\" decoding=\"async\" width=\"2560\" height=\"1707\" src=\"http:\/\/www.mvenzenkirchen.at\/cms\/wp-content\/uploads\/2025\/12\/Kirchenkonzert_2025-29-scaled.jpg\" class=\"slider-6875 slide-6937 msDefaultImage\" alt=\"\" rel=\"\" title=\"Kirchenkonzert_2025 (29)\" style=\"margin: 0 auto; width: 64.273160934%\" srcset=\"http:\/\/www.mvenzenkirchen.at\/cms\/wp-content\/uploads\/2025\/12\/Kirchenkonzert_2025-29-scaled.jpg 2560w, http:\/\/www.mvenzenkirchen.at\/cms\/wp-content\/uploads\/2025\/12\/Kirchenkonzert_2025-29-300x200.jpg 300w, http:\/\/www.mvenzenkirchen.at\/cms\/wp-content\/uploads\/2025\/12\/Kirchenkonzert_2025-29-1024x683.jpg 1024w, http:\/\/www.mvenzenkirchen.at\/cms\/wp-content\/uploads\/2025\/12\/Kirchenkonzert_2025-29-768x512.jpg 768w, http:\/\/www.mvenzenkirchen.at\/cms\/wp-content\/uploads\/2025\/12\/Kirchenkonzert_2025-29-1536x1024.jpg 1536w, http:\/\/www.mvenzenkirchen.at\/cms\/wp-content\/uploads\/2025\/12\/Kirchenkonzert_2025-29-2048x1365.jpg 2048w, http:\/\/www.mvenzenkirchen.at\/cms\/wp-content\/uploads\/2025\/12\/Kirchenkonzert_2025-29-272x182.jpg 272w\" sizes=\"(max-width: 2560px) 100vw, 2560px\" \/><\/li>\n                <li style=\"display: none; width: 100%;\" class=\"slide-6938 ms-image \" aria-roledescription=\"slide\" data-date=\"2025-12-06 11:26:37\" data-filename=\"Kirchenkonzert_2025-30-scaled.jpg\" data-slide-type=\"image\"><img loading=\"lazy\" decoding=\"async\" width=\"2560\" height=\"1707\" src=\"http:\/\/www.mvenzenkirchen.at\/cms\/wp-content\/uploads\/2025\/12\/Kirchenkonzert_2025-30-scaled.jpg\" class=\"slider-6875 slide-6938 msDefaultImage\" alt=\"\" rel=\"\" title=\"Kirchenkonzert_2025 (30)\" style=\"margin: 0 auto; width: 64.273160934%\" srcset=\"http:\/\/www.mvenzenkirchen.at\/cms\/wp-content\/uploads\/2025\/12\/Kirchenkonzert_2025-30-scaled.jpg 2560w, http:\/\/www.mvenzenkirchen.at\/cms\/wp-content\/uploads\/2025\/12\/Kirchenkonzert_2025-30-300x200.jpg 300w, http:\/\/www.mvenzenkirchen.at\/cms\/wp-content\/uploads\/2025\/12\/Kirchenkonzert_2025-30-1024x683.jpg 1024w, http:\/\/www.mvenzenkirchen.at\/cms\/wp-content\/uploads\/2025\/12\/Kirchenkonzert_2025-30-768x512.jpg 768w, http:\/\/www.mvenzenkirchen.at\/cms\/wp-content\/uploads\/2025\/12\/Kirchenkonzert_2025-30-1536x1024.jpg 1536w, http:\/\/www.mvenzenkirchen.at\/cms\/wp-content\/uploads\/2025\/12\/Kirchenkonzert_2025-30-2048x1365.jpg 2048w, http:\/\/www.mvenzenkirchen.at\/cms\/wp-content\/uploads\/2025\/12\/Kirchenkonzert_2025-30-272x182.jpg 272w\" sizes=\"(max-width: 2560px) 100vw, 2560px\" \/><\/li>\n                <li style=\"display: none; width: 100%;\" class=\"slide-6926 ms-image \" aria-roledescription=\"slide\" data-date=\"2025-12-06 11:26:37\" data-filename=\"IMG-20251129-WA0030.jpg\" data-slide-type=\"image\"><img loading=\"lazy\" decoding=\"async\" width=\"1200\" height=\"1600\" src=\"http:\/\/www.mvenzenkirchen.at\/cms\/wp-content\/uploads\/2025\/12\/IMG-20251129-WA0030.jpg\" class=\"slider-6875 slide-6926 msDefaultImage\" alt=\"\" rel=\"\" title=\"IMG-20251129-WA0030\" style=\"margin: 0 auto; width: 32.1428571429%\" srcset=\"http:\/\/www.mvenzenkirchen.at\/cms\/wp-content\/uploads\/2025\/12\/IMG-20251129-WA0030.jpg 1200w, http:\/\/www.mvenzenkirchen.at\/cms\/wp-content\/uploads\/2025\/12\/IMG-20251129-WA0030-225x300.jpg 225w, http:\/\/www.mvenzenkirchen.at\/cms\/wp-content\/uploads\/2025\/12\/IMG-20251129-WA0030-768x1024.jpg 768w, http:\/\/www.mvenzenkirchen.at\/cms\/wp-content\/uploads\/2025\/12\/IMG-20251129-WA0030-1152x1536.jpg 1152w\" sizes=\"(max-width: 1200px) 100vw, 1200px\" \/><\/li>\n                <li style=\"display: none; width: 100%;\" class=\"slide-6929 ms-image \" aria-roledescription=\"slide\" data-date=\"2025-12-06 11:26:37\" data-filename=\"IMG-20251129-WA0044.jpg\" data-slide-type=\"image\"><img loading=\"lazy\" decoding=\"async\" width=\"1600\" height=\"1200\" src=\"http:\/\/www.mvenzenkirchen.at\/cms\/wp-content\/uploads\/2025\/12\/IMG-20251129-WA0044.jpg\" class=\"slider-6875 slide-6929 msDefaultImage\" alt=\"\" rel=\"\" title=\"IMG-20251129-WA0044\" style=\"margin: 0 auto; width: 57.1428571429%\" srcset=\"http:\/\/www.mvenzenkirchen.at\/cms\/wp-content\/uploads\/2025\/12\/IMG-20251129-WA0044.jpg 1600w, http:\/\/www.mvenzenkirchen.at\/cms\/wp-content\/uploads\/2025\/12\/IMG-20251129-WA0044-300x225.jpg 300w, http:\/\/www.mvenzenkirchen.at\/cms\/wp-content\/uploads\/2025\/12\/IMG-20251129-WA0044-1024x768.jpg 1024w, http:\/\/www.mvenzenkirchen.at\/cms\/wp-content\/uploads\/2025\/12\/IMG-20251129-WA0044-768x576.jpg 768w, http:\/\/www.mvenzenkirchen.at\/cms\/wp-content\/uploads\/2025\/12\/IMG-20251129-WA0044-1536x1152.jpg 1536w\" sizes=\"(max-width: 1600px) 100vw, 1600px\" \/><\/li>\n                <li style=\"display: none; width: 100%;\" class=\"slide-6916 ms-image \" aria-roledescription=\"slide\" data-date=\"2025-12-06 11:26:37\" data-filename=\"IMG-20251129-WA0001.jpg\" data-slide-type=\"image\"><img loading=\"lazy\" decoding=\"async\" width=\"1600\" height=\"1200\" src=\"http:\/\/www.mvenzenkirchen.at\/cms\/wp-content\/uploads\/2025\/12\/IMG-20251129-WA0001.jpg\" class=\"slider-6875 slide-6916 msDefaultImage\" alt=\"\" rel=\"\" title=\"IMG-20251129-WA0001\" style=\"margin: 0 auto; width: 57.1428571429%\" srcset=\"http:\/\/www.mvenzenkirchen.at\/cms\/wp-content\/uploads\/2025\/12\/IMG-20251129-WA0001.jpg 1600w, http:\/\/www.mvenzenkirchen.at\/cms\/wp-content\/uploads\/2025\/12\/IMG-20251129-WA0001-300x225.jpg 300w, http:\/\/www.mvenzenkirchen.at\/cms\/wp-content\/uploads\/2025\/12\/IMG-20251129-WA0001-1024x768.jpg 1024w, http:\/\/www.mvenzenkirchen.at\/cms\/wp-content\/uploads\/2025\/12\/IMG-20251129-WA0001-768x576.jpg 768w, http:\/\/www.mvenzenkirchen.at\/cms\/wp-content\/uploads\/2025\/12\/IMG-20251129-WA0001-1536x1152.jpg 1536w\" sizes=\"(max-width: 1600px) 100vw, 1600px\" \/><\/li>\n                <li style=\"display: none; width: 100%;\" class=\"slide-6917 ms-image \" aria-roledescription=\"slide\" data-date=\"2025-12-06 11:26:37\" data-filename=\"IMG-20251129-WA0006.jpg\" data-slide-type=\"image\"><img loading=\"lazy\" decoding=\"async\" width=\"1200\" height=\"1600\" src=\"http:\/\/www.mvenzenkirchen.at\/cms\/wp-content\/uploads\/2025\/12\/IMG-20251129-WA0006.jpg\" class=\"slider-6875 slide-6917 msDefaultImage\" alt=\"\" rel=\"\" title=\"IMG-20251129-WA0006\" style=\"margin: 0 auto; width: 32.1428571429%\" srcset=\"http:\/\/www.mvenzenkirchen.at\/cms\/wp-content\/uploads\/2025\/12\/IMG-20251129-WA0006.jpg 1200w, http:\/\/www.mvenzenkirchen.at\/cms\/wp-content\/uploads\/2025\/12\/IMG-20251129-WA0006-225x300.jpg 225w, http:\/\/www.mvenzenkirchen.at\/cms\/wp-content\/uploads\/2025\/12\/IMG-20251129-WA0006-768x1024.jpg 768w, http:\/\/www.mvenzenkirchen.at\/cms\/wp-content\/uploads\/2025\/12\/IMG-20251129-WA0006-1152x1536.jpg 1152w\" sizes=\"(max-width: 1200px) 100vw, 1200px\" \/><\/li>\n                <li style=\"display: none; width: 100%;\" class=\"slide-6918 ms-image \" aria-roledescription=\"slide\" data-date=\"2025-12-06 11:26:37\" data-filename=\"IMG-20251129-WA0007.jpg\" data-slide-type=\"image\"><img loading=\"lazy\" decoding=\"async\" width=\"1200\" height=\"1600\" src=\"http:\/\/www.mvenzenkirchen.at\/cms\/wp-content\/uploads\/2025\/12\/IMG-20251129-WA0007.jpg\" class=\"slider-6875 slide-6918 msDefaultImage\" alt=\"\" rel=\"\" title=\"IMG-20251129-WA0007\" style=\"margin: 0 auto; width: 32.1428571429%\" srcset=\"http:\/\/www.mvenzenkirchen.at\/cms\/wp-content\/uploads\/2025\/12\/IMG-20251129-WA0007.jpg 1200w, http:\/\/www.mvenzenkirchen.at\/cms\/wp-content\/uploads\/2025\/12\/IMG-20251129-WA0007-225x300.jpg 225w, http:\/\/www.mvenzenkirchen.at\/cms\/wp-content\/uploads\/2025\/12\/IMG-20251129-WA0007-768x1024.jpg 768w, http:\/\/www.mvenzenkirchen.at\/cms\/wp-content\/uploads\/2025\/12\/IMG-20251129-WA0007-1152x1536.jpg 1152w\" sizes=\"(max-width: 1200px) 100vw, 1200px\" \/><\/li>\n                <li style=\"display: none; width: 100%;\" class=\"slide-6919 ms-image \" aria-roledescription=\"slide\" data-date=\"2025-12-06 11:26:37\" data-filename=\"IMG-20251129-WA0009.jpg\" data-slide-type=\"image\"><img loading=\"lazy\" decoding=\"async\" width=\"1200\" height=\"1600\" src=\"http:\/\/www.mvenzenkirchen.at\/cms\/wp-content\/uploads\/2025\/12\/IMG-20251129-WA0009.jpg\" class=\"slider-6875 slide-6919 msDefaultImage\" alt=\"\" rel=\"\" title=\"IMG-20251129-WA0009\" style=\"margin: 0 auto; width: 32.1428571429%\" srcset=\"http:\/\/www.mvenzenkirchen.at\/cms\/wp-content\/uploads\/2025\/12\/IMG-20251129-WA0009.jpg 1200w, http:\/\/www.mvenzenkirchen.at\/cms\/wp-content\/uploads\/2025\/12\/IMG-20251129-WA0009-225x300.jpg 225w, http:\/\/www.mvenzenkirchen.at\/cms\/wp-content\/uploads\/2025\/12\/IMG-20251129-WA0009-768x1024.jpg 768w, http:\/\/www.mvenzenkirchen.at\/cms\/wp-content\/uploads\/2025\/12\/IMG-20251129-WA0009-1152x1536.jpg 1152w\" sizes=\"(max-width: 1200px) 100vw, 1200px\" \/><\/li>\n                <li style=\"display: none; width: 100%;\" class=\"slide-6920 ms-image \" aria-roledescription=\"slide\" data-date=\"2025-12-06 11:26:37\" data-filename=\"IMG-20251129-WA0010.jpg\" data-slide-type=\"image\"><img loading=\"lazy\" decoding=\"async\" width=\"1200\" height=\"1600\" src=\"http:\/\/www.mvenzenkirchen.at\/cms\/wp-content\/uploads\/2025\/12\/IMG-20251129-WA0010.jpg\" class=\"slider-6875 slide-6920 msDefaultImage\" alt=\"\" rel=\"\" title=\"IMG-20251129-WA0010\" style=\"margin: 0 auto; width: 32.1428571429%\" srcset=\"http:\/\/www.mvenzenkirchen.at\/cms\/wp-content\/uploads\/2025\/12\/IMG-20251129-WA0010.jpg 1200w, http:\/\/www.mvenzenkirchen.at\/cms\/wp-content\/uploads\/2025\/12\/IMG-20251129-WA0010-225x300.jpg 225w, http:\/\/www.mvenzenkirchen.at\/cms\/wp-content\/uploads\/2025\/12\/IMG-20251129-WA0010-768x1024.jpg 768w, http:\/\/www.mvenzenkirchen.at\/cms\/wp-content\/uploads\/2025\/12\/IMG-20251129-WA0010-1152x1536.jpg 1152w\" sizes=\"(max-width: 1200px) 100vw, 1200px\" \/><\/li>\n                <li style=\"display: none; width: 100%;\" class=\"slide-6922 ms-image \" aria-roledescription=\"slide\" data-date=\"2025-12-06 11:26:37\" data-filename=\"IMG-20251129-WA0014.jpg\" data-slide-type=\"image\"><img loading=\"lazy\" decoding=\"async\" width=\"1600\" height=\"1200\" src=\"http:\/\/www.mvenzenkirchen.at\/cms\/wp-content\/uploads\/2025\/12\/IMG-20251129-WA0014.jpg\" class=\"slider-6875 slide-6922 msDefaultImage\" alt=\"\" rel=\"\" title=\"IMG-20251129-WA0014\" style=\"margin: 0 auto; width: 57.1428571429%\" srcset=\"http:\/\/www.mvenzenkirchen.at\/cms\/wp-content\/uploads\/2025\/12\/IMG-20251129-WA0014.jpg 1600w, http:\/\/www.mvenzenkirchen.at\/cms\/wp-content\/uploads\/2025\/12\/IMG-20251129-WA0014-300x225.jpg 300w, http:\/\/www.mvenzenkirchen.at\/cms\/wp-content\/uploads\/2025\/12\/IMG-20251129-WA0014-1024x768.jpg 1024w, http:\/\/www.mvenzenkirchen.at\/cms\/wp-content\/uploads\/2025\/12\/IMG-20251129-WA0014-768x576.jpg 768w, http:\/\/www.mvenzenkirchen.at\/cms\/wp-content\/uploads\/2025\/12\/IMG-20251129-WA0014-1536x1152.jpg 1536w\" sizes=\"(max-width: 1600px) 100vw, 1600px\" \/><\/li>\n                <li style=\"display: none; width: 100%;\" class=\"slide-6923 ms-image \" aria-roledescription=\"slide\" data-date=\"2025-12-06 11:26:37\" data-filename=\"IMG-20251129-WA0015.jpg\" data-slide-type=\"image\"><img loading=\"lazy\" decoding=\"async\" width=\"1200\" height=\"1600\" src=\"http:\/\/www.mvenzenkirchen.at\/cms\/wp-content\/uploads\/2025\/12\/IMG-20251129-WA0015.jpg\" class=\"slider-6875 slide-6923 msDefaultImage\" alt=\"\" rel=\"\" title=\"IMG-20251129-WA0015\" style=\"margin: 0 auto; width: 32.1428571429%\" srcset=\"http:\/\/www.mvenzenkirchen.at\/cms\/wp-content\/uploads\/2025\/12\/IMG-20251129-WA0015.jpg 1200w, http:\/\/www.mvenzenkirchen.at\/cms\/wp-content\/uploads\/2025\/12\/IMG-20251129-WA0015-225x300.jpg 225w, http:\/\/www.mvenzenkirchen.at\/cms\/wp-content\/uploads\/2025\/12\/IMG-20251129-WA0015-768x1024.jpg 768w, http:\/\/www.mvenzenkirchen.at\/cms\/wp-content\/uploads\/2025\/12\/IMG-20251129-WA0015-1152x1536.jpg 1152w\" sizes=\"(max-width: 1200px) 100vw, 1200px\" \/><\/li>\n                <li style=\"display: none; width: 100%;\" class=\"slide-6942 ms-image \" aria-roledescription=\"slide\" data-date=\"2025-12-06 11:26:37\" data-filename=\"Kirchenkonzert_2025-51-scaled.jpg\" data-slide-type=\"image\"><img loading=\"lazy\" decoding=\"async\" width=\"2560\" height=\"1707\" src=\"http:\/\/www.mvenzenkirchen.at\/cms\/wp-content\/uploads\/2025\/12\/Kirchenkonzert_2025-51-scaled.jpg\" class=\"slider-6875 slide-6942 msDefaultImage\" alt=\"\" rel=\"\" title=\"Kirchenkonzert_2025 (51)\" style=\"margin: 0 auto; width: 64.273160934%\" srcset=\"http:\/\/www.mvenzenkirchen.at\/cms\/wp-content\/uploads\/2025\/12\/Kirchenkonzert_2025-51-scaled.jpg 2560w, http:\/\/www.mvenzenkirchen.at\/cms\/wp-content\/uploads\/2025\/12\/Kirchenkonzert_2025-51-300x200.jpg 300w, http:\/\/www.mvenzenkirchen.at\/cms\/wp-content\/uploads\/2025\/12\/Kirchenkonzert_2025-51-1024x683.jpg 1024w, http:\/\/www.mvenzenkirchen.at\/cms\/wp-content\/uploads\/2025\/12\/Kirchenkonzert_2025-51-768x512.jpg 768w, http:\/\/www.mvenzenkirchen.at\/cms\/wp-content\/uploads\/2025\/12\/Kirchenkonzert_2025-51-1536x1024.jpg 1536w, http:\/\/www.mvenzenkirchen.at\/cms\/wp-content\/uploads\/2025\/12\/Kirchenkonzert_2025-51-2048x1365.jpg 2048w, http:\/\/www.mvenzenkirchen.at\/cms\/wp-content\/uploads\/2025\/12\/Kirchenkonzert_2025-51-272x182.jpg 272w\" sizes=\"(max-width: 2560px) 100vw, 2560px\" \/><\/li>\n                <li style=\"display: none; width: 100%;\" class=\"slide-6921 ms-image \" aria-roledescription=\"slide\" data-date=\"2025-12-06 11:26:37\" data-filename=\"IMG-20251129-WA0011.jpg\" data-slide-type=\"image\"><img loading=\"lazy\" decoding=\"async\" width=\"1200\" height=\"1600\" src=\"http:\/\/www.mvenzenkirchen.at\/cms\/wp-content\/uploads\/2025\/12\/IMG-20251129-WA0011.jpg\" class=\"slider-6875 slide-6921 msDefaultImage\" alt=\"\" rel=\"\" title=\"IMG-20251129-WA0011\" style=\"margin: 0 auto; width: 32.1428571429%\" srcset=\"http:\/\/www.mvenzenkirchen.at\/cms\/wp-content\/uploads\/2025\/12\/IMG-20251129-WA0011.jpg 1200w, http:\/\/www.mvenzenkirchen.at\/cms\/wp-content\/uploads\/2025\/12\/IMG-20251129-WA0011-225x300.jpg 225w, http:\/\/www.mvenzenkirchen.at\/cms\/wp-content\/uploads\/2025\/12\/IMG-20251129-WA0011-768x1024.jpg 768w, http:\/\/www.mvenzenkirchen.at\/cms\/wp-content\/uploads\/2025\/12\/IMG-20251129-WA0011-1152x1536.jpg 1152w\" sizes=\"(max-width: 1200px) 100vw, 1200px\" \/><\/li>\n                <li style=\"display: none; width: 100%;\" class=\"slide-6928 ms-image \" aria-roledescription=\"slide\" data-date=\"2025-12-06 11:26:37\" data-filename=\"IMG-20251129-WA0039.jpg\" data-slide-type=\"image\"><img loading=\"lazy\" decoding=\"async\" width=\"1200\" height=\"1600\" src=\"http:\/\/www.mvenzenkirchen.at\/cms\/wp-content\/uploads\/2025\/12\/IMG-20251129-WA0039.jpg\" class=\"slider-6875 slide-6928 msDefaultImage\" alt=\"\" rel=\"\" title=\"IMG-20251129-WA0039\" style=\"margin: 0 auto; width: 32.1428571429%\" srcset=\"http:\/\/www.mvenzenkirchen.at\/cms\/wp-content\/uploads\/2025\/12\/IMG-20251129-WA0039.jpg 1200w, http:\/\/www.mvenzenkirchen.at\/cms\/wp-content\/uploads\/2025\/12\/IMG-20251129-WA0039-225x300.jpg 225w, http:\/\/www.mvenzenkirchen.at\/cms\/wp-content\/uploads\/2025\/12\/IMG-20251129-WA0039-768x1024.jpg 768w, http:\/\/www.mvenzenkirchen.at\/cms\/wp-content\/uploads\/2025\/12\/IMG-20251129-WA0039-1152x1536.jpg 1152w\" sizes=\"(max-width: 1200px) 100vw, 1200px\" \/><\/li>\n                <li style=\"display: none; width: 100%;\" class=\"slide-6930 ms-image \" aria-roledescription=\"slide\" data-date=\"2025-12-06 11:26:37\" data-filename=\"IMG-20251129-WA0047.jpg\" data-slide-type=\"image\"><img loading=\"lazy\" decoding=\"async\" width=\"1600\" height=\"1200\" src=\"http:\/\/www.mvenzenkirchen.at\/cms\/wp-content\/uploads\/2025\/12\/IMG-20251129-WA0047.jpg\" class=\"slider-6875 slide-6930 msDefaultImage\" alt=\"\" rel=\"\" title=\"IMG-20251129-WA0047\" style=\"margin: 0 auto; width: 57.1428571429%\" srcset=\"http:\/\/www.mvenzenkirchen.at\/cms\/wp-content\/uploads\/2025\/12\/IMG-20251129-WA0047.jpg 1600w, http:\/\/www.mvenzenkirchen.at\/cms\/wp-content\/uploads\/2025\/12\/IMG-20251129-WA0047-300x225.jpg 300w, http:\/\/www.mvenzenkirchen.at\/cms\/wp-content\/uploads\/2025\/12\/IMG-20251129-WA0047-1024x768.jpg 1024w, http:\/\/www.mvenzenkirchen.at\/cms\/wp-content\/uploads\/2025\/12\/IMG-20251129-WA0047-768x576.jpg 768w, http:\/\/www.mvenzenkirchen.at\/cms\/wp-content\/uploads\/2025\/12\/IMG-20251129-WA0047-1536x1152.jpg 1536w\" sizes=\"(max-width: 1600px) 100vw, 1600px\" \/><\/li>\n                <li style=\"display: none; width: 100%;\" class=\"slide-6931 ms-image \" aria-roledescription=\"slide\" data-date=\"2025-12-06 11:26:37\" data-filename=\"IMG-20251129-WA0051.jpg\" data-slide-type=\"image\"><img loading=\"lazy\" decoding=\"async\" width=\"1200\" height=\"1600\" src=\"http:\/\/www.mvenzenkirchen.at\/cms\/wp-content\/uploads\/2025\/12\/IMG-20251129-WA0051.jpg\" class=\"slider-6875 slide-6931 msDefaultImage\" alt=\"\" rel=\"\" title=\"IMG-20251129-WA0051\" style=\"margin: 0 auto; width: 32.1428571429%\" srcset=\"http:\/\/www.mvenzenkirchen.at\/cms\/wp-content\/uploads\/2025\/12\/IMG-20251129-WA0051.jpg 1200w, http:\/\/www.mvenzenkirchen.at\/cms\/wp-content\/uploads\/2025\/12\/IMG-20251129-WA0051-225x300.jpg 225w, http:\/\/www.mvenzenkirchen.at\/cms\/wp-content\/uploads\/2025\/12\/IMG-20251129-WA0051-768x1024.jpg 768w, http:\/\/www.mvenzenkirchen.at\/cms\/wp-content\/uploads\/2025\/12\/IMG-20251129-WA0051-1152x1536.jpg 1152w\" sizes=\"(max-width: 1200px) 100vw, 1200px\" \/><\/li>\n                <li style=\"display: none; width: 100%;\" class=\"slide-6941 ms-image \" aria-roledescription=\"slide\" data-date=\"2025-12-06 11:26:37\" data-filename=\"Kirchenkonzert_2025-48-scaled.jpg\" data-slide-type=\"image\"><img loading=\"lazy\" decoding=\"async\" width=\"2560\" height=\"1707\" src=\"http:\/\/www.mvenzenkirchen.at\/cms\/wp-content\/uploads\/2025\/12\/Kirchenkonzert_2025-48-scaled.jpg\" class=\"slider-6875 slide-6941 msDefaultImage\" alt=\"\" rel=\"\" title=\"Kirchenkonzert_2025 (48)\" style=\"margin: 0 auto; width: 64.273160934%\" srcset=\"http:\/\/www.mvenzenkirchen.at\/cms\/wp-content\/uploads\/2025\/12\/Kirchenkonzert_2025-48-scaled.jpg 2560w, http:\/\/www.mvenzenkirchen.at\/cms\/wp-content\/uploads\/2025\/12\/Kirchenkonzert_2025-48-300x200.jpg 300w, http:\/\/www.mvenzenkirchen.at\/cms\/wp-content\/uploads\/2025\/12\/Kirchenkonzert_2025-48-1024x683.jpg 1024w, http:\/\/www.mvenzenkirchen.at\/cms\/wp-content\/uploads\/2025\/12\/Kirchenkonzert_2025-48-768x512.jpg 768w, http:\/\/www.mvenzenkirchen.at\/cms\/wp-content\/uploads\/2025\/12\/Kirchenkonzert_2025-48-1536x1024.jpg 1536w, http:\/\/www.mvenzenkirchen.at\/cms\/wp-content\/uploads\/2025\/12\/Kirchenkonzert_2025-48-2048x1365.jpg 2048w, http:\/\/www.mvenzenkirchen.at\/cms\/wp-content\/uploads\/2025\/12\/Kirchenkonzert_2025-48-272x182.jpg 272w\" sizes=\"(max-width: 2560px) 100vw, 2560px\" \/><\/li>\n                <li style=\"display: none; width: 100%;\" class=\"slide-6933 ms-image \" aria-roledescription=\"slide\" data-date=\"2025-12-06 11:26:37\" data-filename=\"IMG-20251129-WA0054.jpg\" data-slide-type=\"image\"><img loading=\"lazy\" decoding=\"async\" width=\"1600\" height=\"1200\" src=\"http:\/\/www.mvenzenkirchen.at\/cms\/wp-content\/uploads\/2025\/12\/IMG-20251129-WA0054.jpg\" class=\"slider-6875 slide-6933 msDefaultImage\" alt=\"\" rel=\"\" title=\"IMG-20251129-WA0054\" style=\"margin: 0 auto; width: 57.1428571429%\" srcset=\"http:\/\/www.mvenzenkirchen.at\/cms\/wp-content\/uploads\/2025\/12\/IMG-20251129-WA0054.jpg 1600w, http:\/\/www.mvenzenkirchen.at\/cms\/wp-content\/uploads\/2025\/12\/IMG-20251129-WA0054-300x225.jpg 300w, http:\/\/www.mvenzenkirchen.at\/cms\/wp-content\/uploads\/2025\/12\/IMG-20251129-WA0054-1024x768.jpg 1024w, http:\/\/www.mvenzenkirchen.at\/cms\/wp-content\/uploads\/2025\/12\/IMG-20251129-WA0054-768x576.jpg 768w, http:\/\/www.mvenzenkirchen.at\/cms\/wp-content\/uploads\/2025\/12\/IMG-20251129-WA0054-1536x1152.jpg 1536w\" sizes=\"(max-width: 1600px) 100vw, 1600px\" \/><\/li>\n                <li style=\"display: none; width: 100%;\" class=\"slide-6940 ms-image \" aria-roledescription=\"slide\" data-date=\"2025-12-06 11:26:37\" data-filename=\"Kirchenkonzert_2025-46-scaled.jpg\" data-slide-type=\"image\"><img loading=\"lazy\" decoding=\"async\" width=\"2560\" height=\"1707\" src=\"http:\/\/www.mvenzenkirchen.at\/cms\/wp-content\/uploads\/2025\/12\/Kirchenkonzert_2025-46-scaled.jpg\" class=\"slider-6875 slide-6940 msDefaultImage\" alt=\"\" rel=\"\" title=\"Kirchenkonzert_2025 (46)\" style=\"margin: 0 auto; width: 64.273160934%\" srcset=\"http:\/\/www.mvenzenkirchen.at\/cms\/wp-content\/uploads\/2025\/12\/Kirchenkonzert_2025-46-scaled.jpg 2560w, http:\/\/www.mvenzenkirchen.at\/cms\/wp-content\/uploads\/2025\/12\/Kirchenkonzert_2025-46-300x200.jpg 300w, http:\/\/www.mvenzenkirchen.at\/cms\/wp-content\/uploads\/2025\/12\/Kirchenkonzert_2025-46-1024x683.jpg 1024w, http:\/\/www.mvenzenkirchen.at\/cms\/wp-content\/uploads\/2025\/12\/Kirchenkonzert_2025-46-768x512.jpg 768w, http:\/\/www.mvenzenkirchen.at\/cms\/wp-content\/uploads\/2025\/12\/Kirchenkonzert_2025-46-1536x1024.jpg 1536w, http:\/\/www.mvenzenkirchen.at\/cms\/wp-content\/uploads\/2025\/12\/Kirchenkonzert_2025-46-2048x1365.jpg 2048w, http:\/\/www.mvenzenkirchen.at\/cms\/wp-content\/uploads\/2025\/12\/Kirchenkonzert_2025-46-272x182.jpg 272w\" sizes=\"(max-width: 2560px) 100vw, 2560px\" \/><\/li>\n                <li style=\"display: none; width: 100%;\" class=\"slide-6943 ms-image \" aria-roledescription=\"slide\" data-date=\"2025-12-06 11:26:37\" data-filename=\"Kirchenkonzert_2025-52-scaled.jpg\" data-slide-type=\"image\"><img loading=\"lazy\" decoding=\"async\" width=\"2560\" height=\"1707\" src=\"http:\/\/www.mvenzenkirchen.at\/cms\/wp-content\/uploads\/2025\/12\/Kirchenkonzert_2025-52-scaled.jpg\" class=\"slider-6875 slide-6943 msDefaultImage\" alt=\"\" rel=\"\" title=\"Kirchenkonzert_2025 (52)\" style=\"margin: 0 auto; width: 64.273160934%\" srcset=\"http:\/\/www.mvenzenkirchen.at\/cms\/wp-content\/uploads\/2025\/12\/Kirchenkonzert_2025-52-scaled.jpg 2560w, http:\/\/www.mvenzenkirchen.at\/cms\/wp-content\/uploads\/2025\/12\/Kirchenkonzert_2025-52-300x200.jpg 300w, http:\/\/www.mvenzenkirchen.at\/cms\/wp-content\/uploads\/2025\/12\/Kirchenkonzert_2025-52-1024x683.jpg 1024w, http:\/\/www.mvenzenkirchen.at\/cms\/wp-content\/uploads\/2025\/12\/Kirchenkonzert_2025-52-768x512.jpg 768w, http:\/\/www.mvenzenkirchen.at\/cms\/wp-content\/uploads\/2025\/12\/Kirchenkonzert_2025-52-1536x1024.jpg 1536w, http:\/\/www.mvenzenkirchen.at\/cms\/wp-content\/uploads\/2025\/12\/Kirchenkonzert_2025-52-2048x1365.jpg 2048w, http:\/\/www.mvenzenkirchen.at\/cms\/wp-content\/uploads\/2025\/12\/Kirchenkonzert_2025-52-272x182.jpg 272w\" sizes=\"(max-width: 2560px) 100vw, 2560px\" \/><\/li>\n                <li style=\"display: none; width: 100%;\" class=\"slide-6910 ms-image \" aria-roledescription=\"slide\" data-date=\"2025-12-06 11:26:36\" data-filename=\"20251129_184444-scaled.jpg\" data-slide-type=\"image\"><img loading=\"lazy\" decoding=\"async\" width=\"1442\" height=\"2560\" src=\"http:\/\/www.mvenzenkirchen.at\/cms\/wp-content\/uploads\/2025\/12\/20251129_184444-scaled.jpg\" class=\"slider-6875 slide-6910 msDefaultImage\" alt=\"\" rel=\"\" title=\"20251129_184444\" style=\"margin: 0 auto; width: 24.140625%\" srcset=\"http:\/\/www.mvenzenkirchen.at\/cms\/wp-content\/uploads\/2025\/12\/20251129_184444-scaled.jpg 1442w, http:\/\/www.mvenzenkirchen.at\/cms\/wp-content\/uploads\/2025\/12\/20251129_184444-169x300.jpg 169w, http:\/\/www.mvenzenkirchen.at\/cms\/wp-content\/uploads\/2025\/12\/20251129_184444-577x1024.jpg 577w, http:\/\/www.mvenzenkirchen.at\/cms\/wp-content\/uploads\/2025\/12\/20251129_184444-768x1364.jpg 768w, http:\/\/www.mvenzenkirchen.at\/cms\/wp-content\/uploads\/2025\/12\/20251129_184444-865x1536.jpg 865w, http:\/\/www.mvenzenkirchen.at\/cms\/wp-content\/uploads\/2025\/12\/20251129_184444-1154x2048.jpg 1154w\" sizes=\"(max-width: 1442px) 100vw, 1442px\" \/><\/li>\n                <li style=\"display: none; width: 100%;\" class=\"slide-6912 ms-image \" aria-roledescription=\"slide\" data-date=\"2025-12-06 11:26:36\" data-filename=\"20251129_205918-scaled.jpg\" data-slide-type=\"image\"><img loading=\"lazy\" decoding=\"async\" width=\"1441\" height=\"2560\" src=\"http:\/\/www.mvenzenkirchen.at\/cms\/wp-content\/uploads\/2025\/12\/20251129_205918-scaled.jpg\" class=\"slider-6875 slide-6912 msDefaultImage\" alt=\"\" rel=\"\" title=\"20251129_205918\" style=\"margin: 0 auto; width: 24.1238839286%\" srcset=\"http:\/\/www.mvenzenkirchen.at\/cms\/wp-content\/uploads\/2025\/12\/20251129_205918-scaled.jpg 1441w, http:\/\/www.mvenzenkirchen.at\/cms\/wp-content\/uploads\/2025\/12\/20251129_205918-169x300.jpg 169w, http:\/\/www.mvenzenkirchen.at\/cms\/wp-content\/uploads\/2025\/12\/20251129_205918-577x1024.jpg 577w, http:\/\/www.mvenzenkirchen.at\/cms\/wp-content\/uploads\/2025\/12\/20251129_205918-768x1364.jpg 768w, http:\/\/www.mvenzenkirchen.at\/cms\/wp-content\/uploads\/2025\/12\/20251129_205918-865x1536.jpg 865w, http:\/\/www.mvenzenkirchen.at\/cms\/wp-content\/uploads\/2025\/12\/20251129_205918-1153x2048.jpg 1153w\" sizes=\"(max-width: 1441px) 100vw, 1441px\" \/><\/li>\n                <li style=\"display: none; width: 100%;\" class=\"slide-6913 ms-image \" aria-roledescription=\"slide\" data-date=\"2025-12-06 11:26:36\" data-filename=\"20251129_210104-scaled.jpg\" data-slide-type=\"image\"><img loading=\"lazy\" decoding=\"async\" width=\"1442\" height=\"2560\" src=\"http:\/\/www.mvenzenkirchen.at\/cms\/wp-content\/uploads\/2025\/12\/20251129_210104-scaled.jpg\" class=\"slider-6875 slide-6913 msDefaultImage\" alt=\"\" rel=\"\" title=\"20251129_210104\" style=\"margin: 0 auto; width: 24.140625%\" srcset=\"http:\/\/www.mvenzenkirchen.at\/cms\/wp-content\/uploads\/2025\/12\/20251129_210104-scaled.jpg 1442w, http:\/\/www.mvenzenkirchen.at\/cms\/wp-content\/uploads\/2025\/12\/20251129_210104-169x300.jpg 169w, http:\/\/www.mvenzenkirchen.at\/cms\/wp-content\/uploads\/2025\/12\/20251129_210104-577x1024.jpg 577w, http:\/\/www.mvenzenkirchen.at\/cms\/wp-content\/uploads\/2025\/12\/20251129_210104-768x1364.jpg 768w, http:\/\/www.mvenzenkirchen.at\/cms\/wp-content\/uploads\/2025\/12\/20251129_210104-865x1536.jpg 865w, http:\/\/www.mvenzenkirchen.at\/cms\/wp-content\/uploads\/2025\/12\/20251129_210104-1153x2048.jpg 1153w\" sizes=\"(max-width: 1442px) 100vw, 1442px\" \/><\/li>\n                <li style=\"display: none; width: 100%;\" class=\"slide-6914 ms-image \" aria-roledescription=\"slide\" data-date=\"2025-12-06 11:26:36\" data-filename=\"20251129_210128-scaled.jpg\" data-slide-type=\"image\"><img loading=\"lazy\" decoding=\"async\" width=\"1442\" height=\"2560\" src=\"http:\/\/www.mvenzenkirchen.at\/cms\/wp-content\/uploads\/2025\/12\/20251129_210128-scaled.jpg\" class=\"slider-6875 slide-6914 msDefaultImage\" alt=\"\" rel=\"\" title=\"20251129_210128\" style=\"margin: 0 auto; width: 24.140625%\" srcset=\"http:\/\/www.mvenzenkirchen.at\/cms\/wp-content\/uploads\/2025\/12\/20251129_210128-scaled.jpg 1442w, http:\/\/www.mvenzenkirchen.at\/cms\/wp-content\/uploads\/2025\/12\/20251129_210128-169x300.jpg 169w, http:\/\/www.mvenzenkirchen.at\/cms\/wp-content\/uploads\/2025\/12\/20251129_210128-577x1024.jpg 577w, http:\/\/www.mvenzenkirchen.at\/cms\/wp-content\/uploads\/2025\/12\/20251129_210128-768x1364.jpg 768w, http:\/\/www.mvenzenkirchen.at\/cms\/wp-content\/uploads\/2025\/12\/20251129_210128-865x1536.jpg 865w, http:\/\/www.mvenzenkirchen.at\/cms\/wp-content\/uploads\/2025\/12\/20251129_210128-1153x2048.jpg 1153w\" sizes=\"(max-width: 1442px) 100vw, 1442px\" \/><\/li>\n                <li style=\"display: none; width: 100%;\" class=\"slide-6935 ms-image \" aria-roledescription=\"slide\" data-date=\"2025-12-06 11:26:37\" data-filename=\"IMG-20251129-WA0063.jpg\" data-slide-type=\"image\"><img loading=\"lazy\" decoding=\"async\" width=\"1200\" height=\"1600\" src=\"http:\/\/www.mvenzenkirchen.at\/cms\/wp-content\/uploads\/2025\/12\/IMG-20251129-WA0063.jpg\" class=\"slider-6875 slide-6935 msDefaultImage\" alt=\"\" rel=\"\" title=\"IMG-20251129-WA0063\" style=\"margin: 0 auto; width: 32.1428571429%\" srcset=\"http:\/\/www.mvenzenkirchen.at\/cms\/wp-content\/uploads\/2025\/12\/IMG-20251129-WA0063.jpg 1200w, http:\/\/www.mvenzenkirchen.at\/cms\/wp-content\/uploads\/2025\/12\/IMG-20251129-WA0063-225x300.jpg 225w, http:\/\/www.mvenzenkirchen.at\/cms\/wp-content\/uploads\/2025\/12\/IMG-20251129-WA0063-768x1024.jpg 768w, http:\/\/www.mvenzenkirchen.at\/cms\/wp-content\/uploads\/2025\/12\/IMG-20251129-WA0063-1152x1536.jpg 1152w\" sizes=\"(max-width: 1200px) 100vw, 1200px\" \/><\/li>\n                <li style=\"display: none; width: 100%;\" class=\"slide-6915 ms-image \" aria-roledescription=\"slide\" data-date=\"2025-12-06 11:26:37\" data-filename=\"20251129_232429-scaled.jpg\" data-slide-type=\"image\"><img loading=\"lazy\" decoding=\"async\" width=\"1442\" height=\"2560\" src=\"http:\/\/www.mvenzenkirchen.at\/cms\/wp-content\/uploads\/2025\/12\/20251129_232429-scaled.jpg\" class=\"slider-6875 slide-6915 msDefaultImage\" alt=\"\" rel=\"\" title=\"20251129_232429\" style=\"margin: 0 auto; width: 24.140625%\" srcset=\"http:\/\/www.mvenzenkirchen.at\/cms\/wp-content\/uploads\/2025\/12\/20251129_232429-scaled.jpg 1442w, http:\/\/www.mvenzenkirchen.at\/cms\/wp-content\/uploads\/2025\/12\/20251129_232429-169x300.jpg 169w, http:\/\/www.mvenzenkirchen.at\/cms\/wp-content\/uploads\/2025\/12\/20251129_232429-577x1024.jpg 577w, http:\/\/www.mvenzenkirchen.at\/cms\/wp-content\/uploads\/2025\/12\/20251129_232429-768x1364.jpg 768w, http:\/\/www.mvenzenkirchen.at\/cms\/wp-content\/uploads\/2025\/12\/20251129_232429-865x1536.jpg 865w, http:\/\/www.mvenzenkirchen.at\/cms\/wp-content\/uploads\/2025\/12\/20251129_232429-1153x2048.jpg 1153w\" sizes=\"(max-width: 1442px) 100vw, 1442px\" \/><\/li>\n                <li style=\"display: none; width: 100%;\" class=\"slide-6911 ms-image \" aria-roledescription=\"slide\" data-date=\"2025-12-06 11:26:36\" data-filename=\"20251129_185356-scaled.jpg\" data-slide-type=\"image\"><img loading=\"lazy\" decoding=\"async\" width=\"1442\" height=\"2560\" src=\"http:\/\/www.mvenzenkirchen.at\/cms\/wp-content\/uploads\/2025\/12\/20251129_185356-scaled.jpg\" class=\"slider-6875 slide-6911 msDefaultImage\" alt=\"\" rel=\"\" title=\"20251129_185356\" style=\"margin: 0 auto; width: 24.140625%\" srcset=\"http:\/\/www.mvenzenkirchen.at\/cms\/wp-content\/uploads\/2025\/12\/20251129_185356-scaled.jpg 1442w, http:\/\/www.mvenzenkirchen.at\/cms\/wp-content\/uploads\/2025\/12\/20251129_185356-169x300.jpg 169w, http:\/\/www.mvenzenkirchen.at\/cms\/wp-content\/uploads\/2025\/12\/20251129_185356-577x1024.jpg 577w, http:\/\/www.mvenzenkirchen.at\/cms\/wp-content\/uploads\/2025\/12\/20251129_185356-768x1364.jpg 768w, http:\/\/www.mvenzenkirchen.at\/cms\/wp-content\/uploads\/2025\/12\/20251129_185356-865x1536.jpg 865w, http:\/\/www.mvenzenkirchen.at\/cms\/wp-content\/uploads\/2025\/12\/20251129_185356-1153x2048.jpg 1153w\" sizes=\"(max-width: 1442px) 100vw, 1442px\" \/><\/li>\n                <li style=\"display: none; width: 100%;\" class=\"slide-6934 ms-image \" aria-roledescription=\"slide\" data-date=\"2025-12-06 11:26:37\" data-filename=\"IMG-20251129-WA0060.jpg\" data-slide-type=\"image\"><img loading=\"lazy\" decoding=\"async\" width=\"1600\" height=\"1200\" src=\"http:\/\/www.mvenzenkirchen.at\/cms\/wp-content\/uploads\/2025\/12\/IMG-20251129-WA0060.jpg\" class=\"slider-6875 slide-6934 msDefaultImage\" alt=\"\" rel=\"\" title=\"IMG-20251129-WA0060\" style=\"margin: 0 auto; width: 57.1428571429%\" srcset=\"http:\/\/www.mvenzenkirchen.at\/cms\/wp-content\/uploads\/2025\/12\/IMG-20251129-WA0060.jpg 1600w, http:\/\/www.mvenzenkirchen.at\/cms\/wp-content\/uploads\/2025\/12\/IMG-20251129-WA0060-300x225.jpg 300w, http:\/\/www.mvenzenkirchen.at\/cms\/wp-content\/uploads\/2025\/12\/IMG-20251129-WA0060-1024x768.jpg 1024w, http:\/\/www.mvenzenkirchen.at\/cms\/wp-content\/uploads\/2025\/12\/IMG-20251129-WA0060-768x576.jpg 768w, http:\/\/www.mvenzenkirchen.at\/cms\/wp-content\/uploads\/2025\/12\/IMG-20251129-WA0060-1536x1152.jpg 1536w\" sizes=\"(max-width: 1600px) 100vw, 1600px\" \/><\/li>\n            <\/ul>\n        <\/div>\n        \n    <\/div>\n<\/div>\n","protected":false},"excerpt":{"rendered":"<p>Das Kirchenkonzert \u201eAdventskl\u00e4nge\u201c am 29. November war dank einem gro\u00dfartigen Publikum ein sch\u00f6ner [&hellip;]<\/p>\n","protected":false},"author":3,"featured_media":6906,"comment_status":"closed","ping_status":"closed","sticky":false,"template":"","format":"standard","meta":{"footnotes":""},"categories":[1],"tags":[],"class_list":["post-6873","post","type-post","status-publish","format-standard","has-post-thumbnail","hentry","category-akutelles"],"_links":{"self":[{"href":"http:\/\/www.mvenzenkirchen.at\/cms\/wp-json\/wp\/v2\/posts\/6873","targetHints":{"allow":["GET"]}}],"collection":[{"href":"http:\/\/www.mvenzenkirchen.at\/cms\/wp-json\/wp\/v2\/posts"}],"about":[{"href":"http:\/\/www.mvenzenkirchen.at\/cms\/wp-json\/wp\/v2\/types\/post"}],"author":[{"embeddable":true,"href":"http:\/\/www.mvenzenkirchen.at\/cms\/wp-json\/wp\/v2\/users\/3"}],"replies":[{"embeddable":true,"href":"http:\/\/www.mvenzenkirchen.at\/cms\/wp-json\/wp\/v2\/comments?post=6873"}],"version-history":[{"count":4,"href":"http:\/\/www.mvenzenkirchen.at\/cms\/wp-json\/wp\/v2\/posts\/6873\/revisions"}],"predecessor-version":[{"id":6946,"href":"http:\/\/www.mvenzenkirchen.at\/cms\/wp-json\/wp\/v2\/posts\/6873\/revisions\/6946"}],"wp:featuredmedia":[{"embeddable":true,"href":"http:\/\/www.mvenzenkirchen.at\/cms\/wp-json\/wp\/v2\/media\/6906"}],"wp:attachment":[{"href":"http:\/\/www.mvenzenkirchen.at\/cms\/wp-json\/wp\/v2\/media?parent=6873"}],"wp:term":[{"taxonomy":"category","embeddable":true,"href":"http:\/\/www.mvenzenkirchen.at\/cms\/wp-json\/wp\/v2\/categories?post=6873"},{"taxonomy":"post_tag","embeddable":true,"href":"http:\/\/www.mvenzenkirchen.at\/cms\/wp-json\/wp\/v2\/tags?post=6873"}],"curies":[{"name":"wp","href":"https:\/\/api.w.org\/{rel}","templated":true}]}}